{"id":48574,"date":"2024-04-15T10:13:19","date_gmt":"2024-04-15T09:13:19","guid":{"rendered":"https:\/\/www.goinginternational.eu\/wp\/de\/?p=48574"},"modified":"2024-04-17T09:46:32","modified_gmt":"2024-04-17T08:46:32","slug":"meine-arbeit-als-persoenlicher-assistent","status":"publish","type":"post","link":"https:\/\/www.goinginternational.eu\/wp\/de\/meine-arbeit-als-persoenlicher-assistent\/","title":{"rendered":"Meine Arbeit als Pers\u00f6nlicher Assistent"},"content":{"rendered":"\t\t<div data-elementor-type=\"wp-post\" data-elementor-id=\"48574\" class=\"elementor elementor-48574\" data-elementor-post-type=\"post\">\n\t\t\t\t\t\t<section class=\"elementor-section elementor-top-section elementor-element elementor-element-2eecffb5 elementor-section-boxed elementor-section-height-default elementor-section-height-default\" data-id=\"2eecffb5\" data-element_type=\"section\">\n\t\t\t\t\t\t<div class=\"elementor-container elementor-column-gap-default\">\n\t\t\t\t\t<div class=\"elementor-column elementor-col-100 elementor-top-column elementor-element elementor-element-688fba02\" data-id=\"688fba02\" data-element_type=\"column\">\n\t\t\t<div class=\"elementor-widget-wrap elementor-element-populated\">\n\t\t\t\t\t\t<div class=\"elementor-element elementor-element-27153fe elementor-widget elementor-widget-text-editor\" data-id=\"27153fe\" data-element_type=\"widget\" data-widget_type=\"text-editor.default\">\n\t\t\t\t<div class=\"elementor-widget-container\">\n\t\t\t\t\t\t\t\t\t<p><em>von Benno Lickefett.<\/em><\/p>\t\t\t\t\t\t\t\t<\/div>\n\t\t\t\t<\/div>\n\t\t\t\t<section class=\"elementor-section elementor-inner-section elementor-element elementor-element-e4e1cb3 elementor-section-boxed elementor-section-height-default elementor-section-height-default\" data-id=\"e4e1cb3\" data-element_type=\"section\">\n\t\t\t\t\t\t<div class=\"elementor-container elementor-column-gap-default\">\n\t\t\t\t\t<div class=\"elementor-column elementor-col-50 elementor-inner-column elementor-element elementor-element-8e14c68\" data-id=\"8e14c68\" data-element_type=\"column\">\n\t\t\t<div class=\"elementor-widget-wrap elementor-element-populated\">\n\t\t\t\t\t\t<div class=\"elementor-element elementor-element-c671c5b elementor-widget elementor-widget-heading\" data-id=\"c671c5b\" data-element_type=\"widget\" data-widget_type=\"heading.default\">\n\t\t\t\t<div class=\"elementor-widget-container\">\n\t\t\t\t\t<h2 class=\"elementor-heading-title elementor-size-small\">Konzept der pers\u00f6nlichen Assistenz<\/h2>\t\t\t\t<\/div>\n\t\t\t\t<\/div>\n\t\t\t\t<div class=\"elementor-element elementor-element-507eb83 elementor-widget elementor-widget-text-editor\" data-id=\"507eb83\" data-element_type=\"widget\" data-widget_type=\"text-editor.default\">\n\t\t\t\t<div class=\"elementor-widget-container\">\n\t\t\t\t\t\t\t\t\t<p>Das Kernprinzip der pers\u00f6nlichen Assistenz ist die F\u00f6rderung der Selbstbestimmung von Menschen mit Behinderungen. Dies bedeutet, dass sie die Kontrolle \u00fcber ihr eigenes Leben und ihre Entscheidungen haben sollten. Dabei zielt die pers\u00f6nliche Assistenz darauf ab, die soziale Teilhabe und Inklusion von Menschen mit Behinderungen in der Gesellschaft zu f\u00f6rdern. Sie sollen die gleichen Chancen und Rechte haben wie jede\/r andere B\u00fcrgerIn. Im Gegensatz dazu steht die Betreuung, bei der die BetreuerInnen die Kontrolle \u00fcber das Leben der Menschen mit Behinderung aus\u00fcben, indem sie beispielweise die Zeiten f\u00fcr Aufstehen, Essen, usw. bestimmen oder \u00fcber Freizeitaktivit\u00e4ten entscheiden<\/p>\t\t\t\t\t\t\t\t<\/div>\n\t\t\t\t<\/div>\n\t\t\t\t\t<\/div>\n\t\t<\/div>\n\t\t\t\t<div class=\"elementor-column elementor-col-50 elementor-inner-column elementor-element elementor-element-e74e27d\" data-id=\"e74e27d\" data-element_type=\"column\">\n\t\t\t<div class=\"elementor-widget-wrap elementor-element-populated\">\n\t\t\t\t\t\t<div class=\"elementor-element elementor-element-5766b7b elementor-widget elementor-widget-image\" data-id=\"5766b7b\" data-element_type=\"widget\" data-widget_type=\"image.default\">\n\t\t\t\t<div class=\"elementor-widget-container\">\n\t\t\t\t\t\t\t\t\t\t\t\t\t\t\t<img decoding=\"async\" src=\"https:\/\/www.goinginternational.eu\/wp\/de\/wp-content\/uploads\/2024\/04\/IMG-0839-scaled.jpg\" title=\"IMG-0839\" alt=\"IMG-0839\" loading=\"lazy\" \/>\t\t\t\t\t\t\t\t\t\t\t\t\t\t\t<\/div>\n\t\t\t\t<\/div>\n\t\t\t\t\t<\/div>\n\t\t<\/div>\n\t\t\t\t\t<\/div>\n\t\t<\/section>\n\t\t\t\t<section class=\"elementor-section elementor-inner-section elementor-element elementor-element-274a9b4 elementor-section-boxed elementor-section-height-default elementor-section-height-default\" data-id=\"274a9b4\" data-element_type=\"section\">\n\t\t\t\t\t\t<div class=\"elementor-container elementor-column-gap-default\">\n\t\t\t\t\t<div class=\"elementor-column elementor-col-100 elementor-inner-column elementor-element elementor-element-3c868c0\" data-id=\"3c868c0\" data-element_type=\"column\">\n\t\t\t<div class=\"elementor-widget-wrap elementor-element-populated\">\n\t\t\t\t\t\t<div class=\"elementor-element elementor-element-f38ecab elementor-widget elementor-widget-heading\" data-id=\"f38ecab\" data-element_type=\"widget\" data-widget_type=\"heading.default\">\n\t\t\t\t<div class=\"elementor-widget-container\">\n\t\t\t\t\t<h2 class=\"elementor-heading-title elementor-size-small\">Arbeitsassistenz vs. Freizeitassistenz<\/h2>\t\t\t\t<\/div>\n\t\t\t\t<\/div>\n\t\t\t\t<div class=\"elementor-element elementor-element-d08f6f9 elementor-widget elementor-widget-text-editor\" data-id=\"d08f6f9\" data-element_type=\"widget\" data-widget_type=\"text-editor.default\">\n\t\t\t\t<div class=\"elementor-widget-container\">\n\t\t\t\t\t\t\t\t\t<p>Im Bereich der pers\u00f6nlichen Assistenz lassen sich Arbeitsassistenz und Freizeitassistenz unterscheiden. Wie die Namen schon verraten, geht es im Rahmen der Arbeitsassistenz darum, die Klientin oder den Klienten an seinem oder ihren Arbeitsplatz zu unterst\u00fctzen. Das k\u00f6nnen direkt die Arbeit betreffende Aufgaben wie Schreiben, Telefonate f\u00fchren oder Boteng\u00e4nge \u00a0aber auch indirekte Aufgaben wie Toiletteng\u00e4nge oder Assistenz beim Essen sein. Im Gegensatz dazu betrifft die Freizeitassistenz alles, was au\u00dferhalb des Arbeitsplatzes passiert. Das f\u00e4ngt bei der Essenszubereitung an, geht \u00fcber die K\u00f6rperpflege bis hin zu Ausfl\u00fcgen.<\/p>\t\t\t\t\t\t\t\t<\/div>\n\t\t\t\t<\/div>\n\t\t\t\t\t<\/div>\n\t\t<\/div>\n\t\t\t\t\t<\/div>\n\t\t<\/section>\n\t\t\t\t<section class=\"elementor-section elementor-inner-section elementor-element elementor-element-6a25cd7 elementor-section-boxed elementor-section-height-default elementor-section-height-default\" data-id=\"6a25cd7\" data-element_type=\"section\">\n\t\t\t\t\t\t<div class=\"elementor-container elementor-column-gap-default\">\n\t\t\t\t\t<div class=\"elementor-column elementor-col-100 elementor-inner-column elementor-element elementor-element-ec1e514\" data-id=\"ec1e514\" data-element_type=\"column\">\n\t\t\t<div class=\"elementor-widget-wrap elementor-element-populated\">\n\t\t\t\t\t\t<div class=\"elementor-element elementor-element-87e8af8 elementor-widget elementor-widget-heading\" data-id=\"87e8af8\" data-element_type=\"widget\" data-widget_type=\"heading.default\">\n\t\t\t\t<div class=\"elementor-widget-container\">\n\t\t\t\t\t<h2 class=\"elementor-heading-title elementor-size-small\">Voraussetzungen des\/der pers\u00f6nlichen Assistenz<\/h2>\t\t\t\t<\/div>\n\t\t\t\t<\/div>\n\t\t\t\t<div class=\"elementor-element elementor-element-1d3b12b elementor-widget elementor-widget-text-editor\" data-id=\"1d3b12b\" data-element_type=\"widget\" data-widget_type=\"text-editor.default\">\n\t\t\t\t<div class=\"elementor-widget-container\">\n\t\t\t\t\t\t\t\t\t<p>Wirkliche Voraussetzungen im Sinne von Abschl\u00fcssen oder einer zertifizierten Ausbildung gibt es f\u00fcr das Berufsbild des\/der pers\u00f6nlichen AssistentIn nicht. Sicher schadet es keinesfalls, zuvor Erfahrungen im Gesundheitsbereich gesammelt zu haben, notwendig ist das allerdings nicht. W\u00e4hrend ich zuvor schon als Zivildiener im Rettungsdienst gearbeitet habe, so war es doch f\u00fcr manche meiner MitassistentInnen der erste Kontakt zur Arbeit mit Menschen. Was man aber auf jeden Fall mitbringen sollte, wenn man plant, sich als pers\u00f6nliche\/r AssistentIn zu bewerben, sind Empathie und Geduld. Au\u00dferdem sollte man sich darauf einstellen, dass man, zu Beginn eine steile Lernkurve hat, insbesondere eines die erste T\u00e4tigkeit im Gesundheitsbereich ist. Wenn So musste ich zum Beispiel die Grundz\u00fcge der K\u00f6rperpflege erlernen und dar\u00fcber hinaus quasi eine \u201eneue Sprache\u201c lernen., weil mein \u201eKlient\u201c aufgrund seiner starken Cerebralparese passive Einschr\u00e4nkungen in der Artikulation hat.<\/p>\t\t\t\t\t\t\t\t<\/div>\n\t\t\t\t<\/div>\n\t\t\t\t\t<\/div>\n\t\t<\/div>\n\t\t\t\t\t<\/div>\n\t\t<\/section>\n\t\t\t\t<section class=\"elementor-section elementor-inner-section elementor-element elementor-element-ac18805 elementor-section-boxed elementor-section-height-default elementor-section-height-default\" data-id=\"ac18805\" data-element_type=\"section\">\n\t\t\t\t\t\t<div class=\"elementor-container elementor-column-gap-default\">\n\t\t\t\t\t<div class=\"elementor-column elementor-col-100 elementor-inner-column elementor-element elementor-element-629e73a\" data-id=\"629e73a\" data-element_type=\"column\">\n\t\t\t<div class=\"elementor-widget-wrap elementor-element-populated\">\n\t\t\t\t\t\t<div class=\"elementor-element elementor-element-104670c elementor-widget elementor-widget-heading\" data-id=\"104670c\" data-element_type=\"widget\" data-widget_type=\"heading.default\">\n\t\t\t\t<div class=\"elementor-widget-container\">\n\t\t\t\t\t<h2 class=\"elementor-heading-title elementor-size-small\">Motivation<\/h2>\t\t\t\t<\/div>\n\t\t\t\t<\/div>\n\t\t\t\t<div class=\"elementor-element elementor-element-abeb5fa elementor-widget elementor-widget-text-editor\" data-id=\"abeb5fa\" data-element_type=\"widget\" data-widget_type=\"text-editor.default\">\n\t\t\t\t<div class=\"elementor-widget-container\">\n\t\t\t\t\t\t\t\t\t<p>Ihr werdet euch vielleicht fragen, warum ich einen Arbeitsbericht auf einem Blog, der in erster Linie \u00fcber die Erfahrungen auf internationalen Austauschen berichtet, verfasse. Leider ist es momentan sehr schwer, f\u00fcr AssistenzgeberInnen neue Mitarbeitende zu finden. Da diese aber f\u00fcr viele Menschen essenziell wichtig sind, um ein selbstbestimmtes Leben f\u00fchren zu k\u00f6nnen. Deshalb wurde mir dankenswerterweise von GI erlaubt ihre Reichweite zu nutzen, um einen Arbeitsbericht zu verfassen in der Hoffnung, Aufmerksamkeit f\u00fcr diesen Nebenjob zu bekommen Des Weiteren gibt die pers\u00f6nliche Assistenz vor allem uns Medizinstudierenden eine Vielzahl an neuen Einblicken in Bereiche, die zu Beginn des Studiums leider zu kurz kommen. So wurden bei mir durch meine Arbeit viele Ber\u00fchrungs\u00e4ngste abgebaut und meine Softskills sich deutlich verbessert haben. Nat\u00fcrlich darf auch der Aspekt der Studienfinanzierung (beziehungsweise des studentischen Lebens) nicht fehlen, wobei ich denke, dass die pers\u00f6nliche Assistenz aufgrund der Arbeitszeiten einer der am besten mit dem Studium zu vereinbarenden Jobs ist.<\/p>\t\t\t\t\t\t\t\t<\/div>\n\t\t\t\t<\/div>\n\t\t\t\t\t<\/div>\n\t\t<\/div>\n\t\t\t\t\t<\/div>\n\t\t<\/section>\n\t\t\t\t<section class=\"elementor-section elementor-inner-section elementor-element elementor-element-c9af2d3 elementor-section-boxed elementor-section-height-default elementor-section-height-default\" data-id=\"c9af2d3\" data-element_type=\"section\">\n\t\t\t\t\t\t<div class=\"elementor-container elementor-column-gap-default\">\n\t\t\t\t\t<div class=\"elementor-column elementor-col-100 elementor-inner-column elementor-element elementor-element-e28a0d4\" data-id=\"e28a0d4\" data-element_type=\"column\">\n\t\t\t<div class=\"elementor-widget-wrap elementor-element-populated\">\n\t\t\t\t\t\t<div class=\"elementor-element elementor-element-a416ffa elementor-widget elementor-widget-heading\" data-id=\"a416ffa\" data-element_type=\"widget\" data-widget_type=\"heading.default\">\n\t\t\t\t<div class=\"elementor-widget-container\">\n\t\t\t\t\t<h2 class=\"elementor-heading-title elementor-size-small\">Bewerbung<\/h2>\t\t\t\t<\/div>\n\t\t\t\t<\/div>\n\t\t\t\t<div class=\"elementor-element elementor-element-5f56c82 elementor-widget elementor-widget-text-editor\" data-id=\"5f56c82\" data-element_type=\"widget\" data-widget_type=\"text-editor.default\">\n\t\t\t\t<div class=\"elementor-widget-container\">\n\t\t\t\t\t\t\t\t\t<p>Da die pers\u00f6nliche Assistenz in \u00d6sterreich zu den Aufgaben der L\u00e4nder geh\u00f6rt, kann es in den verschiedenen St\u00e4dten und L\u00e4ndern unterschiedliche Zug\u00e4nge zur pers\u00f6nlichen Assistenz geben. Da ich in Wien studiert und gewohnt habe, habe ich mich auch dort nach einem Job umgesehen. Die genauen Details zum Organisatorischen treffen deshalb nur auf die Stadt Wien zu, die Arbeit als pers\u00f6nliche\/r AssistentIn und die damit verbundenen Aufgaben gleichen sich in den verschiedenen Bundesl\u00e4ndern sehr stark.<\/p><p>Grunds\u00e4tzlich gibt es in Wien zwei Arten, sich f\u00fcr die Arbeit als pers\u00f6nliche\/r AssistentIn zu bewerben: Man kann sich \u00fcber die <a href=\"https:\/\/www.wag.or.at\" target=\"_blank\" rel=\"noopener\">Wiener Assistentengemeinschaft (WAG)<\/a> anstellen lassen, oder sich als Freie\/r DienstnehmerIn direkt auf Stellenanzeigen bewerben, die unter anderem auf Facebook oder auf diversen \u00f6sterreichischen Jobportalen gelistet werden. Ich habe mich vor sechs Jahren als Neuank\u00f6mmling in Wien direkt bei der Person und nicht \u00fcber die WAG beworben. Bei der Bewerbung kommt es nicht darauf an, ob man Vorerfahrungen im Bereich der pers\u00f6nlichen Assistenz oder Pflege hat, das ben\u00f6tigte Wissen lernt man sehr schnell und kann sich, je nach Behinderung der Klientin oder des Klienten sehr stark unterscheiden. Da es die Arbeit als pers\u00f6nliche\/r AssistentIn allerdings in den meisten F\u00e4llen erfordert, dass man sich im Rahmen von Aufgaben wie der K\u00f6rperpflege sehr nahekommt, ist es sinnvoll, wenn man zur Bewerbung nicht nur einen Lebenslauf schickt, sondern auch in einer Art Motivationsschreiben, in dem man \u00fcber sich selbst schreibt und berichtet\u00fcber euch erz\u00e4hlt. Zumindest bei meiner Bewerbung war es damals ausschlaggebend, dass ich zu einem Bewerbungsgespr\u00e4ch eingeladen wurde.<\/p>\t\t\t\t\t\t\t\t<\/div>\n\t\t\t\t<\/div>\n\t\t\t\t\t<\/div>\n\t\t<\/div>\n\t\t\t\t\t<\/div>\n\t\t<\/section>\n\t\t\t\t<section class=\"elementor-section elementor-inner-section elementor-element elementor-element-87b8e26 elementor-section-boxed elementor-section-height-default elementor-section-height-default\" data-id=\"87b8e26\" data-element_type=\"section\">\n\t\t\t\t\t\t<div class=\"elementor-container elementor-column-gap-default\">\n\t\t\t\t\t<div class=\"elementor-column elementor-col-100 elementor-inner-column elementor-element elementor-element-49cf4b2\" data-id=\"49cf4b2\" data-element_type=\"column\">\n\t\t\t<div class=\"elementor-widget-wrap elementor-element-populated\">\n\t\t\t\t\t\t<div class=\"elementor-element elementor-element-456883e elementor-widget elementor-widget-heading\" data-id=\"456883e\" data-element_type=\"widget\" data-widget_type=\"heading.default\">\n\t\t\t\t<div class=\"elementor-widget-container\">\n\t\t\t\t\t<h2 class=\"elementor-heading-title elementor-size-small\">Warum ich mich beworben habe<\/h2>\t\t\t\t<\/div>\n\t\t\t\t<\/div>\n\t\t\t\t<div class=\"elementor-element elementor-element-85c7893 elementor-widget elementor-widget-text-editor\" data-id=\"85c7893\" data-element_type=\"widget\" data-widget_type=\"text-editor.default\">\n\t\t\t\t<div class=\"elementor-widget-container\">\n\t\t\t\t\t\t\t\t\t<p>Meine Motivation mich als pers\u00f6nlicher Assistent zu bewerben, bestand vor allem darin, dass ich zur Finanzierung meines Studiums eine Arbeit ben\u00f6tigt habe. Die pers\u00f6nliche Assistenz hat dabei sehr gut zu meinen Anforderungen gepasst, da diese auch in der Nacht und am Wochenende stattfindet. Somit hat sie mir erlaubt mein Studium und meine Arbeit zeitlich sehr gut zu vereinbaren, da ich in der Freitagnacht\/Samstagmorgen Schicht gearbeitet habe (die Arbeitszeiten k\u00f6nnen sich nat\u00fcrlich je nach KlientIn stark unterscheiden). In diesem Job bin ich dann geblieben, weil ich das Konzept der pers\u00f6nlichen Assistenz sehr unterst\u00fctzenswert finde. Nat\u00fcrlich baut man zu den jeweiligen Klientinnen eine pers\u00f6nliche Beziehung auf, wenn dies gut passt, dann ist das eine sehr positive und ansprechende Job-Situation.<\/p>\t\t\t\t\t\t\t\t<\/div>\n\t\t\t\t<\/div>\n\t\t\t\t\t<\/div>\n\t\t<\/div>\n\t\t\t\t\t<\/div>\n\t\t<\/section>\n\t\t\t\t<section class=\"elementor-section elementor-inner-section elementor-element elementor-element-aaf9660 elementor-section-boxed elementor-section-height-default elementor-section-height-default\" data-id=\"aaf9660\" data-element_type=\"section\">\n\t\t\t\t\t\t<div class=\"elementor-container elementor-column-gap-default\">\n\t\t\t\t\t<div class=\"elementor-column elementor-col-100 elementor-inner-column elementor-element elementor-element-9f1688c\" data-id=\"9f1688c\" data-element_type=\"column\">\n\t\t\t<div class=\"elementor-widget-wrap elementor-element-populated\">\n\t\t\t\t\t\t<div class=\"elementor-element elementor-element-7888879 elementor-widget elementor-widget-heading\" data-id=\"7888879\" data-element_type=\"widget\" data-widget_type=\"heading.default\">\n\t\t\t\t<div class=\"elementor-widget-container\">\n\t\t\t\t\t<h2 class=\"elementor-heading-title elementor-size-small\">Meine Aufgaben als pers\u00f6nlicher Assistent<\/h2>\t\t\t\t<\/div>\n\t\t\t\t<\/div>\n\t\t\t\t<div class=\"elementor-element elementor-element-96fbcb3 elementor-widget elementor-widget-text-editor\" data-id=\"96fbcb3\" data-element_type=\"widget\" data-widget_type=\"text-editor.default\">\n\t\t\t\t<div class=\"elementor-widget-container\">\n\t\t\t\t\t\t\t\t\t<p>Wie schon in den vorherigen Abs\u00e4tzen ersichtlich, ist das Aufgabengebiet einer Assistentin oder eines Assistenten sehr variabel und stark von der Art und dem Grad der Behinderung des Menschen abh\u00e4ngig. Da mein Klient seit seiner Geburt eine starke Cerebralparese hat, ist der Grad seiner k\u00f6rperlichen Einschr\u00e4nkungen hoch. Zu meinen t\u00e4glichen Aufgaben geh\u00f6rte die umfassende Betreuung, einschlie\u00dflich K\u00f6rperpflege (vom Z\u00e4hneputzen bis zum Baden), Unterst\u00fctzung bei Toiletteng\u00e4ngen, das sichere Positionieren beim Umsetzen aus dem Bett in den Rollstuhl oder beim Ein- und Aussteigen aus dem Auto sowie die Zubereitung von Mahlzeiten sowie Hilfe beim Essen., Ich half auch bei Telefongespr\u00e4chen aufgrund von den bestehenden Sprachproblemen und k\u00fcmmerte mich um die Sauberkeit der Wohnung. Weiters habe ich meinen Klienten zum E-Rolli-Fu\u00dfball und einmal j\u00e4hrlich in den Urlaub begleiten d\u00fcrfen.<\/p>\t\t\t\t\t\t\t\t<\/div>\n\t\t\t\t<\/div>\n\t\t\t\t\t<\/div>\n\t\t<\/div>\n\t\t\t\t\t<\/div>\n\t\t<\/section>\n\t\t\t\t<section class=\"elementor-section elementor-inner-section elementor-element elementor-element-d4d83e7 elementor-section-boxed elementor-section-height-default elementor-section-height-default\" data-id=\"d4d83e7\" data-element_type=\"section\">\n\t\t\t\t\t\t<div class=\"elementor-container elementor-column-gap-default\">\n\t\t\t\t\t<div class=\"elementor-column elementor-col-100 elementor-inner-column elementor-element elementor-element-d6ce207\" data-id=\"d6ce207\" data-element_type=\"column\">\n\t\t\t<div class=\"elementor-widget-wrap elementor-element-populated\">\n\t\t\t\t\t\t<div class=\"elementor-element elementor-element-d154299 elementor-widget elementor-widget-heading\" data-id=\"d154299\" data-element_type=\"widget\" data-widget_type=\"heading.default\">\n\t\t\t\t<div class=\"elementor-widget-container\">\n\t\t\t\t\t<h2 class=\"elementor-heading-title elementor-size-small\">Bezahlung<\/h2>\t\t\t\t<\/div>\n\t\t\t\t<\/div>\n\t\t\t\t<div class=\"elementor-element elementor-element-31ac437 elementor-widget elementor-widget-text-editor\" data-id=\"31ac437\" data-element_type=\"widget\" data-widget_type=\"text-editor.default\">\n\t\t\t\t<div class=\"elementor-widget-container\">\n\t\t\t\t\t\t\t\t\t<p>Das Gehalt kann je nachdem, ob man Teil der WAG ist oder ob man direkt bei einer\/m KlientIn angestellt ist variieren. W\u00e4hrend die <a href=\"https:\/\/www.wag.or.at\" target=\"_blank\" rel=\"noopener\">Wiener Assistentengemeinschaft (WAG) <\/a>nach dem Tarif \u00a0der Sozialwirtschaft \u00d6sterreich \u00a0(<a href=\"http:\/\/www.sozialwirtschaft-oesterreich.at\/1137,,,2.html\" target=\"_blank\" rel=\"noopener\">SW\u00d6-Tarif<\/a>) bezahlt, so ist das Gehalt, wenn man direkt von einer Person angestellt \u00a0is, unterschiedlich, beziehungsweise ist Teil einer Verhandlungen mit privaten Arbeitgeber (d. h.das Gehalt verhandelt man vor der Einstellung, man sollte sich vorab gut informieren) \u00a0Aus eigener Erfahrung starten Stundenl\u00f6hne am Tage bei ungef\u00e4hr EUR 15 und in der Nacht f\u00fcr Ruhezeiten bei ungef\u00e4hr EUR 10.<\/p>\t\t\t\t\t\t\t\t<\/div>\n\t\t\t\t<\/div>\n\t\t\t\t\t<\/div>\n\t\t<\/div>\n\t\t\t\t\t<\/div>\n\t\t<\/section>\n\t\t\t\t<section class=\"elementor-section elementor-inner-section elementor-element elementor-element-c788e7c elementor-section-boxed elementor-section-height-default elementor-section-height-default\" data-id=\"c788e7c\" data-element_type=\"section\">\n\t\t\t\t\t\t<div class=\"elementor-container elementor-column-gap-default\">\n\t\t\t\t\t<div class=\"elementor-column elementor-col-100 elementor-inner-column elementor-element elementor-element-1cb286d\" data-id=\"1cb286d\" data-element_type=\"column\">\n\t\t\t<div class=\"elementor-widget-wrap elementor-element-populated\">\n\t\t\t\t\t\t<div class=\"elementor-element elementor-element-235cc2f elementor-widget elementor-widget-heading\" data-id=\"235cc2f\" data-element_type=\"widget\" data-widget_type=\"heading.default\">\n\t\t\t\t<div class=\"elementor-widget-container\">\n\t\t\t\t\t<h2 class=\"elementor-heading-title elementor-size-small\">Vorteile der Arbeit als pers\u00f6nliche\/r AssistentIn<\/h2>\t\t\t\t<\/div>\n\t\t\t\t<\/div>\n\t\t\t\t<div class=\"elementor-element elementor-element-4dcb10a elementor-widget elementor-widget-text-editor\" data-id=\"4dcb10a\" data-element_type=\"widget\" data-widget_type=\"text-editor.default\">\n\t\t\t\t<div class=\"elementor-widget-container\">\n\t\t\t\t\t\t\t\t\t<p>F\u00fcr mich hatte die Arbeit als pers\u00f6nlicher Assistent sehr viele sch\u00f6ne Seiten und Vorteile. Dies liegt auch darin begr\u00fcndet, dass mein Klient und ich uns wirklich gut verstanden haben und zu Ende meiner Arbeit eine enge Beziehung aufgebaut hatten, die als Freundschaft auch \u00fcber mein Arbeitsende hinaus bestehen wird. Zu den gr\u00f6\u00dften Vorteilen z\u00e4hlt, dass man neben seinem, manchmal doch sehr theoretischen Studium, einen \u201epraktischen Teil\u201c dazu bekommt, der einem viel Erfahrungen \u00fcber Empathie und Geduld gibt. Au\u00dferdem bekommt man Einblicke in andere Seiten des Lebens, die zumindest mir davor verschlossen waren. Weitere Vorteile sind die sehr flexibel einteilbare Arbeitszeit, die bei mir vor allem \u00fcber Nacht stattgefunden hat und das, f\u00fcr eine ungelernte Arbeit doch recht hohe Gehalt.<\/p>\t\t\t\t\t\t\t\t<\/div>\n\t\t\t\t<\/div>\n\t\t\t\t\t<\/div>\n\t\t<\/div>\n\t\t\t\t\t<\/div>\n\t\t<\/section>\n\t\t\t\t<section class=\"elementor-section elementor-inner-section elementor-element elementor-element-f24fcc1 elementor-section-boxed elementor-section-height-default elementor-section-height-default\" data-id=\"f24fcc1\" data-element_type=\"section\">\n\t\t\t\t\t\t<div class=\"elementor-container elementor-column-gap-default\">\n\t\t\t\t\t<div class=\"elementor-column elementor-col-100 elementor-inner-column elementor-element elementor-element-1b90812\" data-id=\"1b90812\" data-element_type=\"column\">\n\t\t\t<div class=\"elementor-widget-wrap elementor-element-populated\">\n\t\t\t\t\t\t<div class=\"elementor-element elementor-element-a8f0bda elementor-widget elementor-widget-heading\" data-id=\"a8f0bda\" data-element_type=\"widget\" data-widget_type=\"heading.default\">\n\t\t\t\t<div class=\"elementor-widget-container\">\n\t\t\t\t\t<h2 class=\"elementor-heading-title elementor-size-small\">Gibt es Nachteile einer Arbeit als pers\u00f6nliche\/r AssistentIn?<\/h2>\t\t\t\t<\/div>\n\t\t\t\t<\/div>\n\t\t\t\t<div class=\"elementor-element elementor-element-f024986 elementor-widget elementor-widget-text-editor\" data-id=\"f024986\" data-element_type=\"widget\" data-widget_type=\"text-editor.default\">\n\t\t\t\t<div class=\"elementor-widget-container\">\n\t\t\t\t\t\t\t\t\t<p>Wirkliche Nachteile der Arbeit als Assistent gab es f\u00fcr mich nicht. Ich arbeitete ja im Freien Dienstnehmermodell, das bedeutet einerseits Flexibilit\u00e4t und Freiheit in der Planung; es bedeutet aber auch die \u00dcbernahme der Verantwortung &#8211; die Kontinuit\u00e4t Versorgung zu gew\u00e4hrleisten. Manchmal war es dann schon ein bisschen kompliziert einen Ersatz zu finden. Auch bedingt durch das Studium konnte es zu kurzfristigen Ausf\u00e4llen meinerseits kommen &#8211; wo ich das Ersatzmanagement leisten musste um eine geeignete qualifizierte Person als \u201eEinspringerIn\u201c Springer\/in zu stellen<\/p><p>, Wobei es bei mir, aufgrund des guten Zusammenhaltes unter den AssistentInnen immer jemanden gab, der auch kurzfristig einspringen konnte. Auch kann die N\u00e4he, die man zwangsl\u00e4ufig zu einer anderen Person aufbauen muss, manchmal sehr beanspruchend werden oder sogar \u00fcberfordern und pers\u00f6nliche Grenzen \u00fcberschreiten. Das ist allerdings sehr stark davon abh\u00e4ngig, f\u00fcr wen man arbeitet und wie gut man sich pers\u00f6nlich versteht und wie gut man sich abgrenzen kann.<\/p>\t\t\t\t\t\t\t\t<\/div>\n\t\t\t\t<\/div>\n\t\t\t\t\t<\/div>\n\t\t<\/div>\n\t\t\t\t\t<\/div>\n\t\t<\/section>\n\t\t\t\t<section class=\"elementor-section elementor-inner-section elementor-element elementor-element-e713c66 elementor-section-boxed elementor-section-height-default elementor-section-height-default\" data-id=\"e713c66\" data-element_type=\"section\">\n\t\t\t\t\t\t<div class=\"elementor-container elementor-column-gap-default\">\n\t\t\t\t\t<div class=\"elementor-column elementor-col-100 elementor-inner-column elementor-element elementor-element-b0e34dc\" data-id=\"b0e34dc\" data-element_type=\"column\">\n\t\t\t<div class=\"elementor-widget-wrap elementor-element-populated\">\n\t\t\t\t\t\t<div class=\"elementor-element elementor-element-40336f5 elementor-widget elementor-widget-heading\" data-id=\"40336f5\" data-element_type=\"widget\" data-widget_type=\"heading.default\">\n\t\t\t\t<div class=\"elementor-widget-container\">\n\t\t\t\t\t<h2 class=\"elementor-heading-title elementor-size-small\">Fazit<\/h2>\t\t\t\t<\/div>\n\t\t\t\t<\/div>\n\t\t\t\t<div class=\"elementor-element elementor-element-cccbba7 elementor-widget elementor-widget-text-editor\" data-id=\"cccbba7\" data-element_type=\"widget\" data-widget_type=\"text-editor.default\">\n\t\t\t\t<div class=\"elementor-widget-container\">\n\t\t\t\t\t\t\t\t\t<p>Nach meinen f\u00fcnf Jahren als pers\u00f6nliche Assistenz kann ich die Arbeit nur empfehlen und Interessierten ans Herz legen. Die Assistenzarbeit erm\u00f6glicht nicht nur die gute Vereinbarkeit von Studium und Beruf, sondern erm\u00f6glicht auch Einblicke in Teile des Lebens, die einem sonst verschlossen bleiben w\u00fcrden.<\/p>\t\t\t\t\t\t\t\t<\/div>\n\t\t\t\t<\/div>\n\t\t\t\t\t<\/div>\n\t\t<\/div>\n\t\t\t\t\t<\/div>\n\t\t<\/section>\n\t\t\t\t<section class=\"elementor-section elementor-inner-section elementor-element elementor-element-a38d862 elementor-section-boxed elementor-section-height-default elementor-section-height-default\" data-id=\"a38d862\" data-element_type=\"section\">\n\t\t\t\t\t\t<div class=\"elementor-container elementor-column-gap-default\">\n\t\t\t\t\t<div class=\"elementor-column elementor-col-100 elementor-inner-column elementor-element elementor-element-5cb6e58\" data-id=\"5cb6e58\" data-element_type=\"column\">\n\t\t\t<div class=\"elementor-widget-wrap elementor-element-populated\">\n\t\t\t\t\t\t<div class=\"elementor-element elementor-element-dac62d5 elementor-widget elementor-widget-heading\" data-id=\"dac62d5\" data-element_type=\"widget\" data-widget_type=\"heading.default\">\n\t\t\t\t<div class=\"elementor-widget-container\">\n\t\t\t\t\t<h2 class=\"elementor-heading-title elementor-size-small\">Finanzielles<\/h2>\t\t\t\t<\/div>\n\t\t\t\t<\/div>\n\t\t\t\t<div class=\"elementor-element elementor-element-745d4a1 elementor-widget elementor-widget-text-editor\" data-id=\"745d4a1\" data-element_type=\"widget\" data-widget_type=\"text-editor.default\">\n\t\t\t\t<div class=\"elementor-widget-container\">\n\t\t\t\t\t\t\t\t\t<p>\n<table id=\"tablepress-127\" class=\"tablepress tablepress-id-127\">\n<tbody class=\"row-striping row-hover\">\n<tr class=\"row-1\">\n\t<td class=\"column-1\">Wochenarbeitszeit<\/td><td class=\"column-2\">flexibel (meine Wochenarbeitszeit hat 15h betragen, aber in meinem Kollegium war von 8-30h pro Woche alles m\u00f6glich)<\/td>\n<\/tr>\n<tr class=\"row-2\">\n\t<td class=\"column-1\">Arbeitszeiten<\/td><td class=\"column-2\">Flexibel nach Absprache, auch \u00fcber Nacht und am Wochenende m\u00f6glich (ich habe von Freitag abends 22 Uhr bis Samstag 13 Uhr gearbeitet, wobei die \u201eNachtarbeit\u201c f\u00fcr mich kein Problem war, da ich nie \u00f6fters als ein bis zwei Mal aufstehen mussten und daf\u00fcr auch geweckt wurde, sprich schlafen konnte) <\/td>\n<\/tr>\n<tr class=\"row-3\">\n\t<td class=\"column-1\">Gehalt<\/td><td class=\"column-2\">Einstiegsgehalt brutto ca. 15\u20ac am Tag und 10\u20ac w\u00e4hrend der Nachtruhe, bei der WAG nach SW\u00d6-Tarif (ich habe damals f\u00fcr 15h\/Woche ca. 900\u20ac brutto bekommen, wovon ca 150\u20ac Sozialabgaben waren, Steuern waren aufgrund des Freibetrags von 12.000\/Jahr f\u00fcr mich nicht zu zahlen)<\/td>\n<\/tr>\n<tr class=\"row-4\">\n\t<td class=\"column-1\">Sozialversicherung<\/td><td class=\"column-2\">Wenn geringf\u00fcgig: 70 \u20ac pauschal pro Monat<br \/>\nFalls oberhalb der Geringf\u00fcgigkeitsgrenze: ca. 18% des Bruttogehaltes<br \/>\n<\/td>\n<\/tr>\n<\/tbody>\n<\/table>\n<!-- #tablepress-127 from cache --><\/p>\t\t\t\t\t\t\t\t<\/div>\n\t\t\t\t<\/div>\n\t\t\t\t\t<\/div>\n\t\t<\/div>\n\t\t\t\t\t<\/div>\n\t\t<\/section>\n\t\t\t\t<section class=\"elementor-section elementor-inner-section elementor-element elementor-element-abcfb0a elementor-section-boxed elementor-section-height-default elementor-section-height-default\" data-id=\"abcfb0a\" data-element_type=\"section\">\n\t\t\t\t\t\t<div class=\"elementor-container elementor-column-gap-default\">\n\t\t\t\t\t<div class=\"elementor-column elementor-col-100 elementor-inner-column elementor-element elementor-element-d08a2b6\" data-id=\"d08a2b6\" data-element_type=\"column\">\n\t\t\t<div class=\"elementor-widget-wrap elementor-element-populated\">\n\t\t\t\t\t\t<div class=\"elementor-element elementor-element-b4aad55 elementor-widget elementor-widget-heading\" data-id=\"b4aad55\" data-element_type=\"widget\" data-widget_type=\"heading.default\">\n\t\t\t\t<div class=\"elementor-widget-container\">\n\t\t\t\t\t<h2 class=\"elementor-heading-title elementor-size-small\">Websites<\/h2>\t\t\t\t<\/div>\n\t\t\t\t<\/div>\n\t\t\t\t<div class=\"elementor-element elementor-element-c008522 elementor-widget elementor-widget-text-editor\" data-id=\"c008522\" data-element_type=\"widget\" data-widget_type=\"text-editor.default\">\n\t\t\t\t<div class=\"elementor-widget-container\">\n\t\t\t\t\t\t\t\t\t<p><a href=\"https:\/\/www.wag.or.at\" target=\"_blank\" rel=\"noopener\">https:\/\/www.wag.or.at<\/a><br \/>Bietet Assistenzjobs als Arbeitgeber in Wien und Umgebung an, viele Hintergrundinformationen zum Beruf der pers\u00f6nlichen Assistentin oder des pers\u00f6nlichen Assistenten<\/p><p><a href=\"https:\/\/www.sozialministeriumservice.at\/Ueber_uns\/News_und_Veranstaltungen\/News\/PAA_Richtlinie.de.html\" target=\"_blank\" rel=\"noopener\">https:\/\/www.sozialministeriumservice.at\/Ueber_uns\/News_und_Veranstaltungen\/News\/PAA_Richtlinie.de.html<\/a><br \/>Offizielle Hintergrundinformationen des \u00f6sterreichischen Sozialministeriums zur pers\u00f6nlichen Assistenz<\/p><p><a href=\"https:\/\/www.fsw.at\/downloads\/broschueren\/behinderung\/persoenliche-assistenz-pflegeergaenzungsleistung-pge.pdf\" target=\"_blank\" rel=\"noopener\">https:\/\/www.fsw.at\/downloads\/broschueren\/behinderung\/persoenliche-assistenz-pflegeergaenzungsleistung-pge.pdf<\/a><br \/>Flyer des Fonds Soziales Wien \u00fcber die pers\u00f6nliche Assistenz in Wien<\/p><p><a href=\"https:\/\/www.bizeps.or.at\/bizeps\/\" target=\"_blank\" rel=\"noopener\">https:\/\/www.bizeps.or.at\/bizeps\/<\/a><br \/>Informationen \u00fcber die Geschichte des selbstbestimmten Lebens von Behinderten<\/p>\t\t\t\t\t\t\t\t<\/div>\n\t\t\t\t<\/div>\n\t\t\t\t<div class=\"elementor-element elementor-element-7aeb9e7 elementor-widget elementor-widget-gallery\" data-id=\"7aeb9e7\" data-element_type=\"widget\" data-settings=\"{&quot;gallery_layout&quot;:&quot;justified&quot;,&quot;lazyload&quot;:&quot;yes&quot;,&quot;ideal_row_height&quot;:{&quot;unit&quot;:&quot;px&quot;,&quot;size&quot;:200,&quot;sizes&quot;:[]},&quot;ideal_row_height_tablet&quot;:{&quot;unit&quot;:&quot;px&quot;,&quot;size&quot;:150,&quot;sizes&quot;:[]},&quot;ideal_row_height_mobile&quot;:{&quot;unit&quot;:&quot;px&quot;,&quot;size&quot;:150,&quot;sizes&quot;:[]},&quot;gap&quot;:{&quot;unit&quot;:&quot;px&quot;,&quot;size&quot;:10,&quot;sizes&quot;:[]},&quot;gap_tablet&quot;:{&quot;unit&quot;:&quot;px&quot;,&quot;size&quot;:10,&quot;sizes&quot;:[]},&quot;gap_mobile&quot;:{&quot;unit&quot;:&quot;px&quot;,&quot;size&quot;:10,&quot;sizes&quot;:[]},&quot;link_to&quot;:&quot;file&quot;,&quot;overlay_background&quot;:&quot;yes&quot;,&quot;content_hover_animation&quot;:&quot;fade-in&quot;}\" data-widget_type=\"gallery.default\">\n\t\t\t\t<div class=\"elementor-widget-container\">\n\t\t\t\t\t\t\t<div class=\"elementor-gallery__container\">\n\t\t\t\t\t\t\t<a class=\"e-gallery-item elementor-gallery-item elementor-animated-content\" href=\"https:\/\/www.goinginternational.eu\/wp\/de\/wp-content\/uploads\/2024\/04\/Bild-Erfahrungsbericht.jpg\" data-elementor-open-lightbox=\"yes\" data-elementor-lightbox-slideshow=\"7aeb9e7\" data-elementor-lightbox-title=\"Bild Erfahrungsbericht\" data-e-action-hash=\"#elementor-action%3Aaction%3Dlightbox%26settings%3DeyJpZCI6NDg2MTAsInVybCI6Imh0dHBzOlwvXC93d3cuZ29pbmdpbnRlcm5hdGlvbmFsLmV1XC93cFwvZGVcL3dwLWNvbnRlbnRcL3VwbG9hZHNcLzIwMjRcLzA0XC9CaWxkLUVyZmFocnVuZ3NiZXJpY2h0LmpwZyIsInNsaWRlc2hvdyI6IjdhZWI5ZTcifQ%3D%3D\">\n\t\t\t\t\t<div class=\"e-gallery-image elementor-gallery-item__image\" data-thumbnail=\"https:\/\/www.goinginternational.eu\/wp\/de\/wp-content\/uploads\/2024\/04\/Bild-Erfahrungsbericht-300x169.jpg\" data-width=\"300\" data-height=\"169\" aria-label=\"\" role=\"img\" ><\/div>\n\t\t\t\t\t\t\t\t\t\t\t<div class=\"elementor-gallery-item__overlay\"><\/div>\n\t\t\t\t\t\t\t\t\t\t\t\t\t\t<\/a>\n\t\t\t\t\t\t\t<a class=\"e-gallery-item elementor-gallery-item elementor-animated-content\" href=\"https:\/\/www.goinginternational.eu\/wp\/de\/wp-content\/uploads\/2024\/04\/IMG-9644-scaled.jpg\" data-elementor-open-lightbox=\"yes\" data-elementor-lightbox-slideshow=\"7aeb9e7\" data-elementor-lightbox-title=\"IMG-9644\" data-e-action-hash=\"#elementor-action%3Aaction%3Dlightbox%26settings%3DeyJpZCI6NDg2MTEsInVybCI6Imh0dHBzOlwvXC93d3cuZ29pbmdpbnRlcm5hdGlvbmFsLmV1XC93cFwvZGVcL3dwLWNvbnRlbnRcL3VwbG9hZHNcLzIwMjRcLzA0XC9JTUctOTY0NC1zY2FsZWQuanBnIiwic2xpZGVzaG93IjoiN2FlYjllNyJ9\">\n\t\t\t\t\t<div class=\"e-gallery-image elementor-gallery-item__image\" data-thumbnail=\"https:\/\/www.goinginternational.eu\/wp\/de\/wp-content\/uploads\/2024\/04\/IMG-9644-scaled-300x225.jpg\" data-width=\"300\" data-height=\"225\" aria-label=\"\" role=\"img\" ><\/div>\n\t\t\t\t\t\t\t\t\t\t\t<div class=\"elementor-gallery-item__overlay\"><\/div>\n\t\t\t\t\t\t\t\t\t\t\t\t\t\t<\/a>\n\t\t\t\t\t<\/div>\n\t\t\t\t\t<\/div>\n\t\t\t\t<\/div>\n\t\t\t\t\t<\/div>\n\t\t<\/div>\n\t\t\t\t\t<\/div>\n\t\t<\/section>\n\t\t\t\t<section class=\"elementor-section elementor-inner-section elementor-element elementor-element-bcb2084 elementor-section-boxed elementor-section-height-default elementor-section-height-default\" data-id=\"bcb2084\" data-element_type=\"section\">\n\t\t\t\t\t\t<div class=\"elementor-container elementor-column-gap-default\">\n\t\t\t\t\t<div class=\"elementor-column elementor-col-100 elementor-inner-column elementor-element elementor-element-8baaa69\" data-id=\"8baaa69\" data-element_type=\"column\">\n\t\t\t<div class=\"elementor-widget-wrap elementor-element-populated\">\n\t\t\t\t\t\t<div class=\"elementor-element elementor-element-3b1f671 elementor-widget elementor-widget-heading\" data-id=\"3b1f671\" data-element_type=\"widget\" data-widget_type=\"heading.default\">\n\t\t\t\t<div class=\"elementor-widget-container\">\n\t\t\t\t\t<h2 class=\"elementor-heading-title elementor-size-small\">Kontakt<\/h2>\t\t\t\t<\/div>\n\t\t\t\t<\/div>\n\t\t\t\t<div class=\"elementor-element elementor-element-de79fa5 elementor-widget elementor-widget-text-editor\" data-id=\"de79fa5\" data-element_type=\"widget\" data-widget_type=\"text-editor.default\">\n\t\t\t\t<div class=\"elementor-widget-container\">\n\t\t\t\t\t\t\t\t\t<p><span style=\"color: #333333;\">Bei Fragen zu Benno Lickefetts Famulatur, oder bei Fragen an Benno Lickefett pers\u00f6nlich, wenden Sie sich direkt an die GI-Redaktion. Schreiben Sie uns ein E-Mail an:<\/span> <a href=\"mailto:media@goinginternational.org\">media@goinginternational.org<\/a><\/p><p><span style=\"color: #333333;\">Haben Sie Fragen zu den Themen Arbeiten &amp; Weiterbildung oder Jobsuche &amp; Karriere? Dann schreiben Sie an Frau Mag. Seitz:<\/span> <a href=\"mailto:office@goinginternational.org\">office@goinginternational.org<\/a><\/p>\t\t\t\t\t\t\t\t<\/div>\n\t\t\t\t<\/div>\n\t\t\t\t<div class=\"elementor-element elementor-element-fd12533 elementor-widget elementor-widget-global elementor-global-48617 elementor-widget-image\" data-id=\"fd12533\" data-element_type=\"widget\" data-widget_type=\"image.default\">\n\t\t\t\t<div class=\"elementor-widget-container\">\n\t\t\t\t\t\t\t\t\t\t\t\t\t\t\t<img fetchpriority=\"high\" decoding=\"async\" width=\"748\" height=\"181\" src=\"https:\/\/www.goinginternational.eu\/wp\/de\/wp-content\/uploads\/2019\/10\/WP-EB-3.png\" class=\"attachment-full size-full wp-image-26731\" alt=\"\" srcset=\"https:\/\/www.goinginternational.eu\/wp\/de\/wp-content\/uploads\/2019\/10\/WP-EB-3.png 748w, https:\/\/www.goinginternational.eu\/wp\/de\/wp-content\/uploads\/2019\/10\/WP-EB-3-150x36.png 150w, https:\/\/www.goinginternational.eu\/wp\/de\/wp-content\/uploads\/2019\/10\/WP-EB-3-300x73.png 300w\" sizes=\"(max-width: 748px) 100vw, 748px\" title=\"\">\t\t\t\t\t\t\t\t\t\t\t\t\t\t\t<\/div>\n\t\t\t\t<\/div>\n\t\t\t\t\t<\/div>\n\t\t<\/div>\n\t\t\t\t\t<\/div>\n\t\t<\/section>\n\t\t\t\t<section class=\"elementor-section elementor-inner-section elementor-element elementor-element-248fd53 elementor-section-boxed elementor-section-height-default elementor-section-height-default\" data-id=\"248fd53\" data-element_type=\"section\">\n\t\t\t\t\t\t<div class=\"elementor-container elementor-column-gap-default\">\n\t\t\t\t\t<div class=\"elementor-column elementor-col-100 elementor-inner-column elementor-element elementor-element-fd4b552\" data-id=\"fd4b552\" data-element_type=\"column\">\n\t\t\t<div class=\"elementor-widget-wrap elementor-element-populated\">\n\t\t\t\t\t\t<div class=\"elementor-element elementor-element-a796ce2 elementor-widget elementor-widget-heading\" data-id=\"a796ce2\" data-element_type=\"widget\" data-widget_type=\"heading.default\">\n\t\t\t\t<div class=\"elementor-widget-container\">\n\t\t\t\t\t<h2 class=\"elementor-heading-title elementor-size-small\">Zitierung:<\/h2>\t\t\t\t<\/div>\n\t\t\t\t<\/div>\n\t\t\t\t<div class=\"elementor-element elementor-element-aa6ec32 elementor-widget elementor-widget-text-editor\" data-id=\"aa6ec32\" data-element_type=\"widget\" data-widget_type=\"text-editor.default\">\n\t\t\t\t<div class=\"elementor-widget-container\">\n\t\t\t\t\t\t\t\t\t<p><span style=\"color: #333333;\">Lickefett, Benno: <\/span><strong>Meine Arbeit als Pers\u00f6nlicher Assistent<\/strong> (In: Polak, G. [Hg.]: GI-Mail 04\/24, ISSN: 2312-0819 Going International, Wien 2024)<\/p>\t\t\t\t\t\t\t\t<\/div>\n\t\t\t\t<\/div>\n\t\t\t\t<div class=\"elementor-element elementor-element-608698e elementor-align-center elementor-widget elementor-widget-button\" data-id=\"608698e\" data-element_type=\"widget\" data-widget_type=\"button.default\">\n\t\t\t\t<div class=\"elementor-widget-container\">\n\t\t\t\t\t\t\t\t\t<div class=\"elementor-button-wrapper\">\n\t\t\t\t\t<a class=\"elementor-button elementor-button-link elementor-size-md\" href=\"https:\/\/www.goinginternational.eu\/wp\/de\/topics\/erfahrungsberichte\/\">\n\t\t\t\t\t\t<span class=\"elementor-button-content-wrapper\">\n\t\t\t\t\t\t\t\t\t<span class=\"elementor-button-text\">Weitere Erfahrungsberichte<\/span>\n\t\t\t\t\t<\/span>\n\t\t\t\t\t<\/a>\n\t\t\t\t<\/div>\n\t\t\t\t\t\t\t\t<\/div>\n\t\t\t\t<\/div>\n\t\t\t\t\t<\/div>\n\t\t<\/div>\n\t\t\t\t\t<\/div>\n\t\t<\/section>\n\t\t\t\t\t<\/div>\n\t\t<\/div>\n\t\t\t\t\t<\/div>\n\t\t<\/section>\n\t\t\t\t<section class=\"elementor-section elementor-top-section elementor-element elementor-element-31007271 elementor-section-boxed elementor-section-height-default elementor-section-height-default\" data-id=\"31007271\" data-element_type=\"section\">\n\t\t\t\t\t\t<div class=\"elementor-container elementor-column-gap-default\">\n\t\t\t\t\t<div class=\"elementor-column elementor-col-100 elementor-top-column elementor-element elementor-element-df24546\" data-id=\"df24546\" data-element_type=\"column\">\n\t\t\t<div class=\"elementor-widget-wrap elementor-element-populated\">\n\t\t\t\t\t\t<div class=\"elementor-element elementor-element-11039cd2 elementor-widget elementor-widget-text-editor\" data-id=\"11039cd2\" data-element_type=\"widget\" data-widget_type=\"text-editor.default\">\n\t\t\t\t<div class=\"elementor-widget-container\">\n\t\t\t\t\t\t\t\t\t<p><hr class=\"wc-shortcodes-divider wc-shortcodes-item wc-shortcodes-divider-line-single wc-shortcodes-divider-style-solid \"  \/><\/p><p><span style=\"color: #000000;\">Diese Publikation steht <a href=\"https:\/\/www.goinginternational.eu\/wp\/de\/wp-content\/uploads\/2024\/04\/Erfahrungsbericht_Lickefett.pdf\" target=\"_blank\" rel=\"noopener\">hier<\/a> zum Download bereit.<\/span><\/p><p><hr class=\"wc-shortcodes-divider wc-shortcodes-item wc-shortcodes-divider-line-single wc-shortcodes-divider-style-solid \"  \/><\/p><p><span style=\"color: #333333;\"><strong>Ver\u00f6ffentlicht in GI-Mail 04\/2024 (Deutsche Ausgabe).<\/strong><\/span><\/p><ul><li><span style=\"color: #333333;\">Kennen Sie unseren monatlichen Newsletter<\/span>\u00a0<a href=\"https:\/\/www.goinginternational.eu\/de\/newsletter-archiv\" target=\"_blank\" rel=\"noopener\">GI-Mail<\/a>\u00a0<span style=\"color: #333333;\">mit Tipps zu postgradualen Lehrg\u00e4ngen und Kongressen? Hier geht es zur<\/span>\u00a0<a href=\"https:\/\/www.goinginternational.eu\/de\/newsletter\/\" target=\"_blank\" rel=\"noopener\">Anmeldung<\/a>.<\/li><li><span style=\"color: #333333;\">Sind Sie auf der Suche nach neuen beruflichen Herausforderungen\/Jobs &amp; Vakanzen? Hier finden Sie die<\/span>\u00a0<a href=\"https:\/\/www.goinginternational.eu\/de\/jobs\/online-datenbank\" target=\"_blank\" rel=\"noopener\">aktuellen Stellenangebote<\/a>.<\/li><li><span style=\"color: #333333;\">Kennen Sie schon unsere monatliche Job-Information GI-Jobs mit aktuellen Stellenangeboten f\u00fcr \u00c4rztInnen, ManagerInnen und dipl. Fachpflegekr\u00e4fte? Hier geht es zur<\/span>\u00a0<a href=\"https:\/\/www.goinginternational.eu\/de\/jobnewsletter\" target=\"_blank\" rel=\"noopener\">Anmeldung<\/a>.<\/li><li><span style=\"color: #333333;\">Sind Sie an neuen postgraduellen Kursen und CME-Weiterbildung interessiert? Laufend neue Kurse &amp; Kongresse von mehr als 2300 Veranstaltern finden Sie in der<\/span>\u00a0<a href=\"https:\/\/www.goinginternational.eu\/de\/online-datenbank\" target=\"_blank\" rel=\"noopener\">Bildungsdatenbank \u00bbmedicine &amp; health\u00ab.<\/a><\/li><\/ul>\t\t\t\t\t\t\t\t<\/div>\n\t\t\t\t<\/div>\n\t\t\t\t\t<\/div>\n\t\t<\/div>\n\t\t\t\t\t<\/div>\n\t\t<\/section>\n\t\t\t\t<\/div>\n\t\t","protected":false},"excerpt":{"rendered":"<p>von Benno Lickefett. Konzept der pers\u00f6nlichen Assistenz Das Kernprinzip der pers\u00f6nlichen Assistenz ist die F\u00f6rderung der Selbstbestimmung von Menschen mit Behinderungen. Dies bedeutet, dass sie die Kontrolle \u00fcber ihr eigenes Leben und ihre Entscheidungen haben sollten. Dabei zielt die pers\u00f6nliche Assistenz darauf ab, die soziale Teilhabe und Inklusion von Menschen [&hellip;]<\/p>\n","protected":false},"author":15,"featured_media":48578,"comment_status":"open","ping_status":"closed","sticky":false,"template":"","format":"standard","meta":{"footnotes":""},"categories":[1,448,2298],"tags":[729,2315],"class_list":["post-48574","post","type-post","status-publish","format-standard","has-post-thumbnail","hentry","category-aktuell","category-erfahrungsberichte","category-newsletter-2024-04","tag-erfahrungsbericht","tag-persoenlicher-assistent"],"_links":{"self":[{"href":"https:\/\/www.goinginternational.eu\/wp\/de\/wp-json\/wp\/v2\/posts\/48574","targetHints":{"allow":["GET"]}}],"collection":[{"href":"https:\/\/www.goinginternational.eu\/wp\/de\/wp-json\/wp\/v2\/posts"}],"about":[{"href":"https:\/\/www.goinginternational.eu\/wp\/de\/wp-json\/wp\/v2\/types\/post"}],"author":[{"embeddable":true,"href":"https:\/\/www.goinginternational.eu\/wp\/de\/wp-json\/wp\/v2\/users\/15"}],"replies":[{"embeddable":true,"href":"https:\/\/www.goinginternational.eu\/wp\/de\/wp-json\/wp\/v2\/comments?post=48574"}],"version-history":[{"count":0,"href":"https:\/\/www.goinginternational.eu\/wp\/de\/wp-json\/wp\/v2\/posts\/48574\/revisions"}],"wp:featuredmedia":[{"embeddable":true,"href":"https:\/\/www.goinginternational.eu\/wp\/de\/wp-json\/wp\/v2\/media\/48578"}],"wp:attachment":[{"href":"https:\/\/www.goinginternational.eu\/wp\/de\/wp-json\/wp\/v2\/media?parent=48574"}],"wp:term":[{"taxonomy":"category","embeddable":true,"href":"https:\/\/www.goinginternational.eu\/wp\/de\/wp-json\/wp\/v2\/categories?post=48574"},{"taxonomy":"post_tag","embeddable":true,"href":"https:\/\/www.goinginternational.eu\/wp\/de\/wp-json\/wp\/v2\/tags?post=48574"}],"curies":[{"name":"wp","href":"https:\/\/api.w.org\/{rel}","templated":true}]}}