{"id":3477,"date":"2014-04-16T14:54:02","date_gmt":"2014-04-16T12:54:02","guid":{"rendered":"http:\/\/www.goinginternational.eu\/wp\/de\/?p=3477"},"modified":"2014-06-30T11:30:14","modified_gmt":"2014-06-30T09:30:14","slug":"fachtag-praktische-psychopharmakologie","status":"publish","type":"post","link":"https:\/\/www.goinginternational.eu\/wp\/de\/fachtag-praktische-psychopharmakologie\/","title":{"rendered":"Fachtag Praktische Psychopharmakologie"},"content":{"rendered":"<p><i style=\"line-height: 1.5em;\"><a href=\"http:\/\/www.praktische-psychopharmakologie.at\/\" target=\"_blank\" rel=\"noopener\"><img decoding=\"async\" class=\"size-full wp-image-3479 alignright\" style=\"border: 1px solid black;\" title=\"Fachtag Psychopharmakologie\" alt=\"FT Praktische Psychopharmakologie150x150\" src=\"http:\/\/www.goinginternational.eu\/wp\/de\/wp-content\/uploads\/2014\/04\/FT-Praktische-Psychopharmakologie150x150.jpg\" width=\"150\" height=\"150\" srcset=\"https:\/\/www.goinginternational.eu\/wp\/de\/wp-content\/uploads\/2014\/04\/FT-Praktische-Psychopharmakologie150x150.jpg 150w, https:\/\/www.goinginternational.eu\/wp\/de\/wp-content\/uploads\/2014\/04\/FT-Praktische-Psychopharmakologie150x150-55x55.jpg 55w\" sizes=\"(max-width: 150px) 100vw, 150px\" \/><\/a>13. Juni 2014, Wien, \u00d6sterreich<\/i><\/p>\n<p><strong>Innovationen und Konsolidierung \u2013\u00a0von Neuem und Bew\u00e4hrtem<\/strong><\/p>\n<p>Aus der modernen Medizin ist die <strong>Psychopharmakologie<\/strong> nicht mehr wegzudenken. Die M\u00f6glichkeit\u00a0psychiatrische Erkrankungen mit Medikamenten wie <strong>Stimmungsstabilisierern<\/strong> (Erstbeschreibung<br \/>\nder antimanischen Wirksamkeit von Lithium 1949), <strong>Antipsychotika<\/strong> (Markteinf\u00fchrung des Chlorpromazin\u00a01953) und <strong>Antidepressiva<\/strong> (Markteinf\u00fchrung des Imipramin 1958) zu beeinflussen, hat sich\u00a0als eine der gro\u00dfen Entwicklungen der klinischen Medizin im letzten Jahrhundert erwiesen.<\/p>\n<p>Die letzten 20 Jahre haben weniger grunds\u00e4tzliche neue Wirkungsstrategien mit sich gebracht als\u00a0vielmehr eine <strong>F\u00fclle neuer Substanzen<\/strong>, die nebenwirkungs\u00e4rmer sind als die Psychopharmaka der\u00a0ersten Generation. Hier ist vor allem der Einsatz von weniger extrapyramidal-motorisch wirksamen\u00a0Antipsychotika und von nicht anticholinergen Antidepressiva von besonderem Wert im klinischen\u00a0Alltag.<\/p>\n<p>Die epidemiologischen Zahlen und Hochrechnungen verdeutlichen die eminente <strong>Bedeutung von\u00a0psychiatrischen Diagnosen f\u00fcr das Gesundheitssystem<\/strong>. Vor allem affektive St\u00f6rungen, Alkoholismus\u00a0und Demenzen werden zentrale Herausforderungen f\u00fcr unsere hochentwickelten Gesellschaften\u00a0darstellen. Es ist evident, dass Kenntnisse der praktischen Psychopharmakologie f\u00fcr jeden, der\u00a0klinisch-\u00e4rztlich t\u00e4tig ist, von Bedeutung sind.<\/p>\n<p>Der <strong>Fachtag Praktische Psychopharmakologie<\/strong>, der erstmals am <strong>13. Juni 2014 im Palais Auersperg\u00a0in Wien<\/strong> stattfinden wird, m\u00f6chte Themen aufgreifen, die f\u00fcr den therapeutischen Alltag in der Psychiatrie,<br \/>\nder Neurologie, der Allgemeinmedizin und der Inneren Medizin relevant sind und Ihnen\u00a0ein \u201estate-of-the-art\u201c der modernen Psychopharmakologie anbieten.<br \/>\nWir hoffen Sie mit unserem Angebot in Ihrer t\u00e4glichen Arbeit unterst\u00fctzen zu k\u00f6nnen und freuen\u00a0uns auf die Begegnung mit Ihnen im Palais Auersperg.<\/p>\n<p><a href=\"http:\/\/www.goinginternational.eu\/newsletter\/2014\/nl_04\/Programm_Fachtag%20Prakt.%20Psychopharmakologie%202014.pdf\" target=\"_blank\">Das wissenschaftliche Programm finden Sie hier<\/a>.<\/p>\n<p><strong>Allgemeine\u00a0Informationen<\/strong><br \/>\nVeranstaltungstermin<br \/>\nFreitag, 13. Juni 2014, 9.00 \u2013 16.00 Uhr<br \/>\nRegistrierung ab 8.00 Uhr<\/p>\n<p><strong>Veranstaltungsort<\/strong><br \/>\nPalais Auersperg<br \/>\nAuerspergstra\u00dfe 1<br \/>\n1080 Wien<\/p>\n<p><strong>Wiss. Kongressleitung<\/strong><br \/>\nPrim. Dr. Andreas Walter<br \/>\nLeiter der Stabsstelle Psychiatrie,<br \/>\nGeriatriezentrum am Wienerwald<br \/>\nPrim. Priv.-Doz. Dr. Andreas Erfurth<br \/>\nAbteilungsvorstand der 6. Psychiatrischen Abteilung,<br \/>\nSozialmedizinisches Zentrum Baumgartner H\u00f6he,<br \/>\nOtto-Wagner-Spital und Pflegezentrum<\/p>\n<p><strong>Zielgruppen<\/strong><br \/>\n\u2022 PsychiaterInnen<br \/>\n\u2022 NeurologInnen<br \/>\n\u2022 AllgemeinmedizinerInnen<br \/>\n\u2022 InternistInnen<\/p>\n<p><strong>Anrechenbarkeit<\/strong><br \/>\nDFP-approbierte Fortbildungsveranstaltung<br \/>\n(7 fachspezifische Fortbildungspunkte)<\/p>\n<p style=\"text-align: center;\"><strong>Tipp<\/strong>: Aktuelle Bildungsangebote zum Thema \u201ePsychopharmakologie\u201c finden Sie laufend online in der\u00a0<a href=\"http:\/\/www.goinginternational.eu\/de\/online-datenbank\/\">Bildungsdatenbank \u00bbmedicine &amp; health\u00ab<\/a>.<\/p>\n","protected":false},"excerpt":{"rendered":"<p>13. Juni 2014, Wien, \u00d6sterreich Innovationen und Konsolidierung \u2013\u00a0von Neuem und Bew\u00e4hrtem Aus der modernen Medizin ist die Psychopharmakologie nicht mehr wegzudenken. Die M\u00f6glichkeit\u00a0psychiatrische Erkrankungen mit Medikamenten wie Stimmungsstabilisierern (Erstbeschreibung der antimanischen Wirksamkeit von Lithium 1949), Antipsychotika (Markteinf\u00fchrung des Chlorpromazin\u00a01953) und Antidepressiva (Markteinf\u00fchrung des Imipramin 1958) zu beeinflussen, hat sich\u00a0als [&hellip;]<\/p>\n","protected":false},"author":1,"featured_media":3479,"comment_status":"closed","ping_status":"closed","sticky":false,"template":"","format":"standard","meta":{"footnotes":""},"categories":[10,4,42,27],"tags":[66],"class_list":["post-3477","post","type-post","status-publish","format-standard","has-post-thumbnail","hentry","category-kongresstipps","category-newsletter","category-newsletter-2014-04","category-veranstaltung-deutsch","tag-pharmacology"],"_links":{"self":[{"href":"https:\/\/www.goinginternational.eu\/wp\/de\/wp-json\/wp\/v2\/posts\/3477","targetHints":{"allow":["GET"]}}],"collection":[{"href":"https:\/\/www.goinginternational.eu\/wp\/de\/wp-json\/wp\/v2\/posts"}],"about":[{"href":"https:\/\/www.goinginternational.eu\/wp\/de\/wp-json\/wp\/v2\/types\/post"}],"author":[{"embeddable":true,"href":"https:\/\/www.goinginternational.eu\/wp\/de\/wp-json\/wp\/v2\/users\/1"}],"replies":[{"embeddable":true,"href":"https:\/\/www.goinginternational.eu\/wp\/de\/wp-json\/wp\/v2\/comments?post=3477"}],"version-history":[{"count":0,"href":"https:\/\/www.goinginternational.eu\/wp\/de\/wp-json\/wp\/v2\/posts\/3477\/revisions"}],"wp:featuredmedia":[{"embeddable":true,"href":"https:\/\/www.goinginternational.eu\/wp\/de\/wp-json\/wp\/v2\/media\/3479"}],"wp:attachment":[{"href":"https:\/\/www.goinginternational.eu\/wp\/de\/wp-json\/wp\/v2\/media?parent=3477"}],"wp:term":[{"taxonomy":"category","embeddable":true,"href":"https:\/\/www.goinginternational.eu\/wp\/de\/wp-json\/wp\/v2\/categories?post=3477"},{"taxonomy":"post_tag","embeddable":true,"href":"https:\/\/www.goinginternational.eu\/wp\/de\/wp-json\/wp\/v2\/tags?post=3477"}],"curies":[{"name":"wp","href":"https:\/\/api.w.org\/{rel}","templated":true}]}}