{"id":34700,"date":"2021-07-28T14:00:12","date_gmt":"2021-07-28T13:00:12","guid":{"rendered":"https:\/\/www.goinginternational.eu\/wp\/de\/?p=34700"},"modified":"2021-08-04T15:06:49","modified_gmt":"2021-08-04T14:06:49","slug":"doktoratsstudium-public-health-health-technology-assessment","status":"publish","type":"post","link":"https:\/\/www.goinginternational.eu\/wp\/de\/doktoratsstudium-public-health-health-technology-assessment\/","title":{"rendered":"Doktoratsstudium Public Health (Dr. phil.) \/ Health Technology Assessment (Dr. phil.)"},"content":{"rendered":"\t\t<div data-elementor-type=\"wp-post\" data-elementor-id=\"34700\" class=\"elementor elementor-34700\" data-elementor-post-type=\"post\">\n\t\t\t\t\t\t<section class=\"elementor-section elementor-top-section elementor-element elementor-element-1408eff1 elementor-section-boxed elementor-section-height-default elementor-section-height-default\" data-id=\"1408eff1\" data-element_type=\"section\">\n\t\t\t\t\t\t<div class=\"elementor-container elementor-column-gap-default\">\n\t\t\t\t\t<div class=\"elementor-column elementor-col-100 elementor-top-column elementor-element elementor-element-9c74598\" data-id=\"9c74598\" data-element_type=\"column\">\n\t\t\t<div class=\"elementor-widget-wrap elementor-element-populated\">\n\t\t\t\t\t\t<div class=\"elementor-element elementor-element-ba6583b elementor-widget elementor-widget-text-editor\" data-id=\"ba6583b\" data-element_type=\"widget\" data-widget_type=\"text-editor.default\">\n\t\t\t\t<div class=\"elementor-widget-container\">\n\t\t\t\t\t\t\t\t\t<p><em>Start: Einstieg jederzeit m\u00f6glich, Hall in Tirol, \u00d6sterreich.<\/em><\/p>\t\t\t\t\t\t\t\t<\/div>\n\t\t\t\t<\/div>\n\t\t\t\t<div class=\"elementor-element elementor-element-eeef847 elementor-widget elementor-widget-image\" data-id=\"eeef847\" data-element_type=\"widget\" data-widget_type=\"image.default\">\n\t\t\t\t<div class=\"elementor-widget-container\">\n\t\t\t\t\t\t\t\t\t\t\t\t\t\t\t\t<a href=\"http:\/\/www.umit.at\/doktorat\" target=\"_blank\" rel=\"noopener\">\n\t\t\t\t\t\t\t<img fetchpriority=\"high\" decoding=\"async\" width=\"640\" height=\"640\" src=\"https:\/\/www.goinginternational.eu\/wp\/de\/wp-content\/uploads\/2021\/07\/UMIT_550x153-1024x1024.jpg\" class=\"attachment-large size-large wp-image-34735\" alt=\"\" srcset=\"https:\/\/www.goinginternational.eu\/wp\/de\/wp-content\/uploads\/2021\/07\/UMIT_550x153-1024x1024.jpg 1024w, https:\/\/www.goinginternational.eu\/wp\/de\/wp-content\/uploads\/2021\/07\/UMIT_550x153-60x60.jpg 60w\" sizes=\"(max-width: 640px) 100vw, 640px\" title=\"\">\t\t\t\t\t\t\t\t<\/a>\n\t\t\t\t\t\t\t\t\t\t\t\t\t\t\t<\/div>\n\t\t\t\t<\/div>\n\t\t\t\t<div class=\"elementor-element elementor-element-63aa67e elementor-widget elementor-widget-text-editor\" data-id=\"63aa67e\" data-element_type=\"widget\" data-widget_type=\"text-editor.default\">\n\t\t\t\t<div class=\"elementor-widget-container\">\n\t\t\t\t\t\t\t\t\t<p>Durch eine Promotion wird die F\u00e4higkeit zu vertiefter selbst\u00e4ndiger wissenschaftlicher Arbeit nachgewiesen. Die Tiroler Privatuniversit\u00e4t UMIT TIROL m\u00f6chte es auch im Berufsleben stehenden Personen erm\u00f6glichen, diese Qualifikation zu erwerben. Dabei sind uns eine intensive pers\u00f6nliche Betreuung und eine gute organisatorische Unterst\u00fctzung sehr wichtig.<\/p>\n<p><strong>Zulassungskriterien:<\/strong><\/p>\n<ul>\n<li>Sie haben im In- oder Ausland einen Bachelor- &amp; Master, oder Magister-, oder Diplom-Abschluss einer anerkannten Universit\u00e4t oder Hochschule erworben oder<\/li>\n<li>Sie haben einen erfolgreicher Bachelor- &amp; Master, Magister- oder Diplom-Abschluss eines Studiums mit 10 Semestern Regelstudiendauer einer anerkannten in- oder ausl\u00e4ndischen postsekund\u00e4ren Bildungseinrichtung<\/li>\n<\/ul>\t\t\t\t\t\t\t\t<\/div>\n\t\t\t\t<\/div>\n\t\t\t\t<div class=\"elementor-element elementor-element-4394e6d elementor-widget elementor-widget-image\" data-id=\"4394e6d\" data-element_type=\"widget\" data-widget_type=\"image.default\">\n\t\t\t\t<div class=\"elementor-widget-container\">\n\t\t\t\t\t\t\t\t\t\t\t\t\t\t\t\t<a href=\"http:\/\/www.umit.at\/doktorat\" target=\"_blank\" rel=\"noopener\">\n\t\t\t\t\t\t\t<img decoding=\"async\" width=\"300\" height=\"200\" src=\"https:\/\/www.goinginternational.eu\/wp\/de\/wp-content\/uploads\/2018\/08\/UMIT_Studierende_Bibliothek-300x200.jpg\" class=\"attachment-medium size-medium wp-image-21096\" alt=\"\" srcset=\"https:\/\/www.goinginternational.eu\/wp\/de\/wp-content\/uploads\/2018\/08\/UMIT_Studierende_Bibliothek-300x200.jpg 300w, https:\/\/www.goinginternational.eu\/wp\/de\/wp-content\/uploads\/2018\/08\/UMIT_Studierende_Bibliothek-150x100.jpg 150w, https:\/\/www.goinginternational.eu\/wp\/de\/wp-content\/uploads\/2018\/08\/UMIT_Studierende_Bibliothek-1024x683.jpg 1024w, https:\/\/www.goinginternational.eu\/wp\/de\/wp-content\/uploads\/2018\/08\/UMIT_Studierende_Bibliothek-83x55.jpg 83w, https:\/\/www.goinginternational.eu\/wp\/de\/wp-content\/uploads\/2018\/08\/UMIT_Studierende_Bibliothek-75x50.jpg 75w, https:\/\/www.goinginternational.eu\/wp\/de\/wp-content\/uploads\/2018\/08\/UMIT_Studierende_Bibliothek-1536x1024.jpg 1536w, https:\/\/www.goinginternational.eu\/wp\/de\/wp-content\/uploads\/2018\/08\/UMIT_Studierende_Bibliothek.jpg 2048w\" sizes=\"(max-width: 300px) 100vw, 300px\" title=\"\">\t\t\t\t\t\t\t\t<\/a>\n\t\t\t\t\t\t\t\t\t\t\t\t\t\t\t<\/div>\n\t\t\t\t<\/div>\n\t\t\t\t<div class=\"elementor-element elementor-element-7a50805 elementor-widget elementor-widget-text-editor\" data-id=\"7a50805\" data-element_type=\"widget\" data-widget_type=\"text-editor.default\">\n\t\t\t\t<div class=\"elementor-widget-container\">\n\t\t\t\t\t\t\t\t\t<p><strong>Informieren Sie sich pers\u00f6nlich &#8211; besuchen Sie die Doktorat-Lounge:<\/strong><\/p>\n<p>Die Doktorat-Lounge bietet Ihnen die M\u00f6glichkeit, pers\u00f6nlich mit Professorinnen und Professoren ins Gespr\u00e4ch zu kommen und sich \u00fcber Inhalte und Ablauf des Doktorat-Studiums an der Tiroler Privatuniversit\u00e4t UMIT TIROL zu informieren. W\u00e4hrend der Doktorat-Lounge sprechen Sie auch Doktorat-Studierende, die ihre Erfahrungen \u00fcber den Studienbetrieb teilen.<\/p>\n<p>Die Doktorat-Lounge gibt dabei einen fundierten \u00dcberblick \u00fcber die 7 Doktorats-Studieng\u00e4nge an der Tiroler Privatuniversit\u00e4t UMIT TIROL.<\/p>\n<p>Aktuell findet die Doktorat-Lounge <strong>online via Videokonferenz<\/strong> statt.<\/p>\n<p><strong>N\u00e4chste Termine:<\/strong><\/p>\n<ul>\n<li>18.10.2021<\/li>\n<li>24.01.2022<\/li>\n<li>09.05.2022<\/li>\n<\/ul>\n<p><strong>Sie k\u00f6nnen sich <a href=\"https:\/\/www.umit-tirol.at\/page.cfm?vpath=studien\/doktorat\/doktorat-lounge\/anmeldung-doktorat-lounge\" target=\"_blank\" rel=\"noopener\">hier<\/a> zur Doktorat-Lounge anmelden!<\/strong><\/p>\n<p><strong>Weiterf\u00fchrende Information:<\/strong><\/p>\n<p>Auf den folgenden Seiten finden Sie n\u00e4here Information zu den Doktoratsstudien &#8222;Dr. phil.&#8220;:\u00a0 <a href=\"https:\/\/www.umit-tirol.at\/page.cfm?vpath=studien\/doktorat\/informationen\/alleinstellungsmerkmale\" target=\"_blank\" rel=\"noopener\">Alleinstellungsmerkmale<\/a>, <a href=\"https:\/\/www.umit-tirol.at\/page.cfm?vpath=studien\/doktorat\/informationen\/qualifikationsziele\" target=\"_blank\" rel=\"noopener\">Qualifikationsziele<\/a>, <a href=\"https:\/\/www.umit-tirol.at\/page.cfm?vpath=studien\/doktorat\/informationen\/finanzierung\" target=\"_blank\" rel=\"noopener\">Finanzierung<\/a>, <a href=\"https:\/\/www.umit-tirol.at\/page.cfm?vpath=studien\/doktorat\/informationen\/einstieg\" target=\"_blank\" rel=\"noopener\">Einstieg<\/a>, <a href=\"https:\/\/www.umit-tirol.at\/page.cfm?vpath=studien\/doktorat\/informationen\/ablauf\" target=\"_blank\" rel=\"noopener\">Ablauf<\/a>, <a href=\"https:\/\/www.umit-tirol.at\/page.cfm?vpath=studien\/doktorat\/informationen\/curriculum\" target=\"_blank\" rel=\"noopener\">Curriculum<\/a>, <a href=\"https:\/\/www.umit-tirol.at\/page.cfm?vpath=studien\/doktorat\/informationen\/graduierung\" target=\"_blank\" rel=\"noopener\">Graduierung<\/a>.<\/p>\t\t\t\t\t\t\t\t<\/div>\n\t\t\t\t<\/div>\n\t\t\t\t<div class=\"elementor-element elementor-element-9768443 elementor-widget elementor-widget-text-editor\" data-id=\"9768443\" data-element_type=\"widget\" data-widget_type=\"text-editor.default\">\n\t\t\t\t<div class=\"elementor-widget-container\">\n\t\t\t\t\t\t\t\t\t<p><strong><div class=\"su-box su-box-style-default\" id=\"\" style=\"border-color:#012264;border-radius:3px;\"><div class=\"su-box-title\" style=\"background-color:#345597;color:#FFFFFF;border-top-left-radius:1px;border-top-right-radius:1px\">Allgemeine Informationen<\/div><div class=\"su-box-content su-u-clearfix su-u-trim\" style=\"border-bottom-left-radius:1px;border-bottom-right-radius:1px\"><\/strong><strong>Beginn: <\/strong>Einstieg jederzeit m\u00f6glich<\/p>\n<p><strong>Abschluss: <\/strong>Dr. phil<\/p>\n<p><strong>ECTS:<\/strong> 180 ECTS-Punkte<\/p>\n<p><strong>Sprache:<\/strong> Deutsch oder Englisch<\/p>\n<p><strong>Dauer:<\/strong> Die akkreditierte Regelstudiendauer betr\u00e4gt 3 Jahre. Bei berufsbegleitender Promotion betr\u00e4gt die individuelle Studiendauer 3 bis 5 Jahre.<\/p>\n<p><strong>Kosten: <\/strong>EUR 3.900,- pro Semester<\/p>\n<p><strong>Ort:<br \/><\/strong>Private Universit\u00e4t f\u00fcr Gesundheitswissenschaften,<br \/>Medizinische Informatik und Technik<br \/>Eduard-Walln\u00f6fer-Zentrum 1<br \/>6060 Hall in Tirol<\/p>\n<p><strong>Weitere Informationen<\/strong> zu den PhD-Programmen der UMIT TIROL erhalten Sie unter <a href=\"http:\/\/www.umit.at\/doktorat\" target=\"_blank\" rel=\"noopener\">www.umit.at\/doktorat<\/a><\/p>\n<p><\/div><\/div><\/p>\t\t\t\t\t\t\t\t<\/div>\n\t\t\t\t<\/div>\n\t\t\t\t<div class=\"elementor-element elementor-element-cd736d9 elementor-widget elementor-widget-text-editor\" data-id=\"cd736d9\" data-element_type=\"widget\" data-widget_type=\"text-editor.default\">\n\t\t\t\t<div class=\"elementor-widget-container\">\n\t\t\t\t\t\t\t\t\t<p><em>(sponsored)<\/em><\/p>\n<p><hr class=\"wc-shortcodes-divider wc-shortcodes-item wc-shortcodes-divider-line-single wc-shortcodes-divider-style-solid \"  \/><\/p>\t\t\t\t\t\t\t\t<\/div>\n\t\t\t\t<\/div>\n\t\t\t\t<div class=\"elementor-element elementor-element-2df415b elementor-widget elementor-widget-text-editor\" data-id=\"2df415b\" data-element_type=\"widget\" data-widget_type=\"text-editor.default\">\n\t\t\t\t<div class=\"elementor-widget-container\">\n\t\t\t\t\t\t\t\t\t<p><strong>Ver\u00f6ffentlicht in GI-Mail 08\/2021 (Deutsche Ausgabe).<\/strong><\/p>\n<ul>\n<li>Kennen Sie unseren monatlichen Newsletter\u00a0<a href=\"https:\/\/www.goinginternational.eu\/de\/newsletter-archiv\" target=\"_blank\" rel=\"noopener\">GI-Mail<\/a>\u00a0mit Tipps zu postgradualen Lehrg\u00e4ngen und Kongressen? Hier geht es zur\u00a0<a href=\"https:\/\/www.goinginternational.eu\/de\/newsletter\/\" target=\"_blank\" rel=\"noopener\">Anmeldung<\/a>.<\/li>\n<li>Sind Sie auf der Suche nach neuen beruflichen Herausforderungen\/Jobs &amp; Vakanzen? Hier finden Sie die\u00a0<a href=\"https:\/\/www.goinginternational.eu\/de\/jobs\/online-datenbank\" target=\"_blank\" rel=\"noopener\">aktuellen Stellenangebote<\/a>.<\/li>\n<li>Kennen Sie schon unsere monatliche Job-Information GI-Jobs mit aktuellen Stellenangeboten f\u00fcr \u00c4rztInnen, ManagerInnen und dipl. Fachpflegekr\u00e4fte? Hier geht es zur\u00a0<a href=\"https:\/\/www.goinginternational.eu\/de\/jobnewsletter\" target=\"_blank\" rel=\"noopener\">Anmeldung<\/a>.<\/li>\n<li>Sind Sie an neuen postgraduellen Kursen und CME-Weiterbildung interessiert? Laufend neue Kurse &amp; Kongresse von mehr als 2300 Veranstaltern finden Sie in der\u00a0<a href=\"https:\/\/www.goinginternational.eu\/de\/online-datenbank\" target=\"_blank\" rel=\"noopener\">Bildungsdatenbank \u00bbmedicine &amp; health\u00ab<\/a><\/li>\n<\/ul>\t\t\t\t\t\t\t\t<\/div>\n\t\t\t\t<\/div>\n\t\t\t\t\t<\/div>\n\t\t<\/div>\n\t\t\t\t\t<\/div>\n\t\t<\/section>\n\t\t\t\t<\/div>\n\t\t","protected":false},"excerpt":{"rendered":"<p>Start: Einstieg jederzeit m\u00f6glich, Hall in Tirol, \u00d6sterreich. Durch eine Promotion wird die F\u00e4higkeit zu vertiefter selbst\u00e4ndiger wissenschaftlicher Arbeit nachgewiesen. Die Tiroler Privatuniversit\u00e4t UMIT TIROL m\u00f6chte es auch im Berufsleben stehenden Personen erm\u00f6glichen, diese Qualifikation zu erwerben. Dabei sind uns eine intensive pers\u00f6nliche Betreuung und eine gute organisatorische Unterst\u00fctzung sehr [&hellip;]<\/p>\n","protected":false},"author":1,"featured_media":34691,"comment_status":"open","ping_status":"closed","sticky":false,"template":"","format":"standard","meta":{"footnotes":""},"categories":[1,9,1001,1004],"tags":[618,1688,37,532],"class_list":["post-34700","post","type-post","status-publish","format-standard","has-post-thumbnail","hentry","category-aktuell","category-kurstipps","category-newsletter-2019-02","category-newsletter-2019-03","tag-doktoratsstudium","tag-health-technology-assessment","tag-public-health","tag-umit"],"_links":{"self":[{"href":"https:\/\/www.goinginternational.eu\/wp\/de\/wp-json\/wp\/v2\/posts\/34700","targetHints":{"allow":["GET"]}}],"collection":[{"href":"https:\/\/www.goinginternational.eu\/wp\/de\/wp-json\/wp\/v2\/posts"}],"about":[{"href":"https:\/\/www.goinginternational.eu\/wp\/de\/wp-json\/wp\/v2\/types\/post"}],"author":[{"embeddable":true,"href":"https:\/\/www.goinginternational.eu\/wp\/de\/wp-json\/wp\/v2\/users\/1"}],"replies":[{"embeddable":true,"href":"https:\/\/www.goinginternational.eu\/wp\/de\/wp-json\/wp\/v2\/comments?post=34700"}],"version-history":[{"count":0,"href":"https:\/\/www.goinginternational.eu\/wp\/de\/wp-json\/wp\/v2\/posts\/34700\/revisions"}],"wp:featuredmedia":[{"embeddable":true,"href":"https:\/\/www.goinginternational.eu\/wp\/de\/wp-json\/wp\/v2\/media\/34691"}],"wp:attachment":[{"href":"https:\/\/www.goinginternational.eu\/wp\/de\/wp-json\/wp\/v2\/media?parent=34700"}],"wp:term":[{"taxonomy":"category","embeddable":true,"href":"https:\/\/www.goinginternational.eu\/wp\/de\/wp-json\/wp\/v2\/categories?post=34700"},{"taxonomy":"post_tag","embeddable":true,"href":"https:\/\/www.goinginternational.eu\/wp\/de\/wp-json\/wp\/v2\/tags?post=34700"}],"curies":[{"name":"wp","href":"https:\/\/api.w.org\/{rel}","templated":true}]}}