{"id":28017,"date":"2019-12-30T09:52:26","date_gmt":"2019-12-30T08:52:26","guid":{"rendered":"https:\/\/www.goinginternational.eu\/wp\/de\/?p=28017"},"modified":"2020-01-14T14:09:27","modified_gmt":"2020-01-14T13:09:27","slug":"weltkrebstag-2020","status":"publish","type":"post","link":"https:\/\/www.goinginternational.eu\/wp\/de\/weltkrebstag-2020\/","title":{"rendered":"Weltkrebstag 2020"},"content":{"rendered":"\t\t<div data-elementor-type=\"wp-post\" data-elementor-id=\"28017\" class=\"elementor elementor-28017\" data-elementor-post-type=\"post\">\n\t\t\t\t\t\t<section class=\"elementor-section elementor-top-section elementor-element elementor-element-02c18f1 elementor-section-boxed elementor-section-height-default elementor-section-height-default\" data-id=\"02c18f1\" data-element_type=\"section\">\n\t\t\t\t\t\t<div class=\"elementor-container elementor-column-gap-default\">\n\t\t\t\t\t<div class=\"elementor-column elementor-col-100 elementor-top-column elementor-element elementor-element-859dca4\" data-id=\"859dca4\" data-element_type=\"column\">\n\t\t\t<div class=\"elementor-widget-wrap\">\n\t\t\t\t\t\t\t<\/div>\n\t\t<\/div>\n\t\t\t\t\t<\/div>\n\t\t<\/section>\n\t\t\t\t<section class=\"elementor-section elementor-top-section elementor-element elementor-element-2da4b3c1 elementor-section-boxed elementor-section-height-default elementor-section-height-default\" data-id=\"2da4b3c1\" data-element_type=\"section\">\n\t\t\t\t\t\t<div class=\"elementor-container elementor-column-gap-default\">\n\t\t\t\t\t<div class=\"elementor-column elementor-col-100 elementor-top-column elementor-element elementor-element-5d573545\" data-id=\"5d573545\" data-element_type=\"column\">\n\t\t\t<div class=\"elementor-widget-wrap elementor-element-populated\">\n\t\t\t\t\t\t<div class=\"elementor-element elementor-element-4b5fb1f0 elementor-widget elementor-widget-text-editor\" data-id=\"4b5fb1f0\" data-element_type=\"widget\" data-widget_type=\"text-editor.default\">\n\t\t\t\t<div class=\"elementor-widget-container\">\n\t\t\t\t\t\t\t\t\t<p><span style=\"color: #333333;\"><em>4. Februar 2020, weltweit<a href=\"https:\/\/www.krebshilfe.de\/informieren\/ueber-krebs\/weltkrebstag-2020\/\" target=\"_blank\" rel=\"noopener\"><img decoding=\"async\" class=\"size-full wp-image-28155 alignright\" src=\"https:\/\/www.goinginternational.eu\/wp\/de\/wp-content\/uploads\/2019\/12\/WKT-150x.jpg\" alt=\"\" width=\"150\" height=\"150\" title=\"\"><\/a><\/em><\/span><\/p><p><span style=\"color: #333333;\"><strong>Am 04. Februar 2020<\/strong> soll mit dem <strong>Weltkrebstag<\/strong> eine der h<strong>\u00e4ufigsten Todesursachen<\/strong> in das Bewusstsein der Bev\u00f6lkerung r\u00fccken. An diesem Tag stehen die Vorbeugung, Erforschung und Behandlung von Krebserkrankungen im Mittelpunkt. Ausgerufen wurde der Aktionstag 2007 von der Welt-Krebsorganisation UICC. J\u00e4hrlich beteiligen sich verschiedene Mitgliedsorganisationen an verschiedenen Aktionen. Ihre Bem\u00fchungen zielen darauf ab, \u00fcber Themen rund um die Krankheit Krebs zu informieren.<\/span><\/p><p><span style=\"color: #333333;\">Am Weltkrebstag geht es <strong>Gesundheitsorganisationen, Unternehmen sowie \u00f6ffentlichen Institutionen in erster Linie um die Aufkl\u00e4rung und Beseitigung von Halbwissen.<\/strong> Hierf\u00fcr werden Projekte durchgef\u00fchrt an denen h\u00e4ufig auch Prominente mitwirken. Diese werben vor allem f\u00fcr die regelm\u00e4\u00dfige Krebsvorsorge. Je fr\u00fcher eine Krebserkrankung diagnostiziert werden kann, desto besser sind die Aussichten auf eine Heilung. Nach Angaben der UICC erkranken weltweit j\u00e4hrlich \u00fcber 12 Millionen Menschen an Krebs und etwa 8 Millionen sterben an den Folgen. In Deutschland erkranken etwa 2000 Kinder im Jahr an Krebs, Leuk\u00e4mie z\u00e4hlt hierbei zu den h\u00e4ufigsten Krebsarten.<\/span><\/p><p><span style=\"color: #333333;\">Der Schwerpunkt bei der Bek\u00e4mpfung von Wissensl\u00fccken und Fehlinformationen liegt am Weltkrebstag auf folgenden vier Mythen: Krebs ist ein Thema, \u00fcber das nicht geredet werden muss; es gibt keine Warnzeichen, an denen eine Krebserkrankung fr\u00fchzeitig zu erkennen ist; gegen Krebs kann nichts unternommen werden; bei einer Krebserkrankung gibt es keinen Anspruch auf Hilfe.<\/span><\/p>\t\t\t\t\t\t\t\t<\/div>\n\t\t\t\t<\/div>\n\t\t\t\t\t<\/div>\n\t\t<\/div>\n\t\t\t\t\t<\/div>\n\t\t<\/section>\n\t\t\t\t<section class=\"elementor-section elementor-top-section elementor-element elementor-element-751eac44 elementor-section-boxed elementor-section-height-default elementor-section-height-default\" data-id=\"751eac44\" data-element_type=\"section\">\n\t\t\t\t\t\t<div class=\"elementor-container elementor-column-gap-default\">\n\t\t\t\t\t<div class=\"elementor-column elementor-col-100 elementor-top-column elementor-element elementor-element-430a11d2\" data-id=\"430a11d2\" data-element_type=\"column\">\n\t\t\t<div class=\"elementor-widget-wrap elementor-element-populated\">\n\t\t\t\t\t\t<div class=\"elementor-element elementor-element-7d82ebda elementor-widget elementor-widget-text-editor\" data-id=\"7d82ebda\" data-element_type=\"widget\" data-widget_type=\"text-editor.default\">\n\t\t\t\t<div class=\"elementor-widget-container\">\n\t\t\t\t\t\t\t\t\t<p><span style=\"color: #333333;\"><strong><div class=\"su-box su-box-style-default\" id=\"\" style=\"border-color:#012264;border-radius:3px;\"><div class=\"su-box-title\" style=\"background-color:#345597;color:#FFFFFF;border-top-left-radius:1px;border-top-right-radius:1px\">Allgemeine Informationen<\/div><div class=\"su-box-content su-u-clearfix su-u-trim\" style=\"border-bottom-left-radius:1px;border-bottom-right-radius:1px\"><\/strong><strong>Termin: <\/strong>04. Februar 2020<\/span><\/p><p><span style=\"color: #333333;\"><strong><span style=\"color: #333333;\">Ort:<\/span><br \/><\/strong>weltweit<\/span><\/p><p><span style=\"color: #333333;\">Weitere Informationen finden Sie auf der <span style=\"color: #ff9900;\"><a style=\"color: #ff9900;\" href=\"https:\/\/www.krebshilfe.de\/informieren\/ueber-krebs\/weltkrebstag-2020\/\" target=\"_blank\" rel=\"noopener\">Website.<\/a><\/span><\/span><br \/><\/div><\/div><\/p>\t\t\t\t\t\t\t\t<\/div>\n\t\t\t\t<\/div>\n\t\t\t\t\t<\/div>\n\t\t<\/div>\n\t\t\t\t\t<\/div>\n\t\t<\/section>\n\t\t\t\t<section class=\"elementor-section elementor-top-section elementor-element elementor-element-6c09b4e2 elementor-section-boxed elementor-section-height-default elementor-section-height-default\" data-id=\"6c09b4e2\" data-element_type=\"section\">\n\t\t\t\t\t\t<div class=\"elementor-container elementor-column-gap-default\">\n\t\t\t\t\t<div class=\"elementor-column elementor-col-100 elementor-top-column elementor-element elementor-element-2fefe0e9\" data-id=\"2fefe0e9\" data-element_type=\"column\">\n\t\t\t<div class=\"elementor-widget-wrap elementor-element-populated\">\n\t\t\t\t\t\t<div class=\"elementor-element elementor-element-4b68a64 elementor-widget elementor-widget-text-editor\" data-id=\"4b68a64\" data-element_type=\"widget\" data-widget_type=\"text-editor.default\">\n\t\t\t\t<div class=\"elementor-widget-container\">\n\t\t\t\t\t\t\t\t\t<p><hr class=\"wc-shortcodes-divider wc-shortcodes-item wc-shortcodes-divider-line-single wc-shortcodes-divider-style-solid \"  \/><\/p><p><span style=\"color: #333333;\"><strong>Ver\u00f6ffentlicht in GI-Mail 01\/2020 (Deutsche Ausgabe).<\/strong><\/span><\/p><ul><li><span style=\"color: #333333;\">Kennen Sie unseren monatlichen Newsletter<\/span>\u00a0<a href=\"https:\/\/www.goinginternational.eu\/de\/newsletter-archiv\" target=\"_blank\" rel=\"noopener\">GI-Mail<\/a>\u00a0<span style=\"color: #333333;\">mit Tipps zu postgradualen Lehrg\u00e4ngen und Kongressen? Hier geht es zur<\/span>\u00a0<a href=\"https:\/\/www.goinginternational.eu\/de\/newsletter\/\" target=\"_blank\" rel=\"noopener\">Anmeldung<\/a>.<\/li><li><span style=\"color: #333333;\">Sind Sie auf der Suche nach neuen beruflichen Herausforderungen\/Jobs &amp; Vakanzen? Hier finden Sie die<\/span>\u00a0<a href=\"https:\/\/www.goinginternational.eu\/de\/jobs\/online-datenbank\" target=\"_blank\" rel=\"noopener\">aktuellen Stellenangebote<\/a>.<\/li><li><span style=\"color: #333333;\">Sind Sie an neuen postgraduellen Kursen und CME-Weiterbildung interessiert? Laufend neue Kurse &amp; Kongresse von mehr als 2300 Veranstaltern finden Sie in der<\/span>\u00a0<a href=\"https:\/\/www.goinginternational.eu\/de\/online-datenbank\" target=\"_blank\" rel=\"noopener\">Bildungsdatenbank \u00bbmedicine &amp; health\u00ab.<\/a><\/li><\/ul>\t\t\t\t\t\t\t\t<\/div>\n\t\t\t\t<\/div>\n\t\t\t\t\t<\/div>\n\t\t<\/div>\n\t\t\t\t\t<\/div>\n\t\t<\/section>\n\t\t\t\t<\/div>\n\t\t","protected":false},"excerpt":{"rendered":"<p>4. Februar 2020, weltweit Am 04. Februar 2020 soll mit dem Weltkrebstag eine der h\u00e4ufigsten Todesursachen in das Bewusstsein der Bev\u00f6lkerung r\u00fccken. An diesem Tag stehen die Vorbeugung, Erforschung und Behandlung von Krebserkrankungen im Mittelpunkt. Ausgerufen wurde der Aktionstag 2007 von der Welt-Krebsorganisation UICC. J\u00e4hrlich beteiligen sich verschiedene Mitgliedsorganisationen an [&hellip;]<\/p>\n","protected":false},"author":10,"featured_media":28021,"comment_status":"open","ping_status":"closed","sticky":false,"template":"","format":"standard","meta":{"footnotes":""},"categories":[1,1365,11],"tags":[1380,1379,1381],"class_list":["post-28017","post","type-post","status-publish","format-standard","has-post-thumbnail","hentry","category-aktuell","category-newsletter-2020-01","category-special-des-monats","tag-krebs","tag-welkrebstag","tag-weltweit"],"_links":{"self":[{"href":"https:\/\/www.goinginternational.eu\/wp\/de\/wp-json\/wp\/v2\/posts\/28017","targetHints":{"allow":["GET"]}}],"collection":[{"href":"https:\/\/www.goinginternational.eu\/wp\/de\/wp-json\/wp\/v2\/posts"}],"about":[{"href":"https:\/\/www.goinginternational.eu\/wp\/de\/wp-json\/wp\/v2\/types\/post"}],"author":[{"embeddable":true,"href":"https:\/\/www.goinginternational.eu\/wp\/de\/wp-json\/wp\/v2\/users\/10"}],"replies":[{"embeddable":true,"href":"https:\/\/www.goinginternational.eu\/wp\/de\/wp-json\/wp\/v2\/comments?post=28017"}],"version-history":[{"count":0,"href":"https:\/\/www.goinginternational.eu\/wp\/de\/wp-json\/wp\/v2\/posts\/28017\/revisions"}],"wp:featuredmedia":[{"embeddable":true,"href":"https:\/\/www.goinginternational.eu\/wp\/de\/wp-json\/wp\/v2\/media\/28021"}],"wp:attachment":[{"href":"https:\/\/www.goinginternational.eu\/wp\/de\/wp-json\/wp\/v2\/media?parent=28017"}],"wp:term":[{"taxonomy":"category","embeddable":true,"href":"https:\/\/www.goinginternational.eu\/wp\/de\/wp-json\/wp\/v2\/categories?post=28017"},{"taxonomy":"post_tag","embeddable":true,"href":"https:\/\/www.goinginternational.eu\/wp\/de\/wp-json\/wp\/v2\/tags?post=28017"}],"curies":[{"name":"wp","href":"https:\/\/api.w.org\/{rel}","templated":true}]}}