{"id":2248,"date":"2013-09-19T17:58:50","date_gmt":"2013-09-19T15:58:50","guid":{"rendered":"http:\/\/www.goinginternational.eu\/wp\/de\/?p=2248"},"modified":"2014-07-01T14:21:33","modified_gmt":"2014-07-01T12:21:33","slug":"12-europaeischer-gesundheitskongress-muenchen","status":"publish","type":"post","link":"https:\/\/www.goinginternational.eu\/wp\/de\/12-europaeischer-gesundheitskongress-muenchen\/","title":{"rendered":"12. Europ\u00e4ischer Gesundheitskongress  M\u00fcnchen"},"content":{"rendered":"<p><i>10. und 11. Oktober, M\u00fcnchen, Deutschland<\/i><\/p>\n<p>Der 12. Europ\u00e4ische Gesundheitskongress M\u00fcnchen findet nach drei gro\u00dfen Wahlen statt: In Deutschland, in Bayern und in \u00d6sterreich wird im Herbst entschieden. Entschieden wird auch, ob die Gesundheitspolitik weitergef\u00fchrt wird \u2013 eventuell mit neuen Akzenten \u2013 oder ob es gar einen Kurswechsel gibt. Der Gesundheitskongress M\u00fcnchen hat f\u00fchrende Politiker eingeladen, um zu h\u00f6ren, was uns erwartet.<\/p>\n<p>Neben politischen Leitvortr\u00e4gen, die f\u00fcr die strategische Ausrichtung so wichtig sind, werden wieder viele praxisorientierte, mutige L\u00f6sungs\u00adbeispiele f\u00fcr Krankenh\u00e4user und Rehabilitationskliniken vorgestellt. Aber auch die gro\u00dfen Themen der Gesundheitsversorgung kommen nicht zu kurz, denn noch lange nicht sind Fragen wie die Landarztversorgung der Zukunft oder der generelle \u00c4rzte und Pflegemangel gel\u00f6st. Die neue Rolle der Pharmaindustrie in der Versorgung bildet einen weiteren Diskussions\u00adschwerpunkt. Erstmals wird der ganzen Kongressfreitag der Notfallversorgung gewidmet. Denn ohne eine exzellente und abgestimmte Notfallversorgung wird jede Region Probleme bekommen.<\/p>\n<p>Das Kongressmotto \u201eReiche Kassen \u2013 Arme Medizin? Wer steuert unser Gesundheitswesen?\u201c \u00a0spiegelt das Unbehagen \u00fcber die teilweise sich widersprechenden Entscheidungen im Gesundheitswesen wider. Zum Europ\u00e4ischen Gesundheitskongress werden die wichtigen \u201ePlayer\u201c eingeladen, so dass Sie sich selber ein Bild \u00fcber die \u201eSteuerfrauen und -m\u00e4nner\u201c machen k\u00f6nnen. Viele Vorg\u00e4nge werden transparent und verst\u00e4ndlich, wenn man den Entscheidern die Gelegenheit gibt, den Entscheidungsprozess n\u00e4her zu erl\u00e4utern. Erleben Sie die wichtigen Gestalter daher am besten pers\u00f6nlich auf dem Kongress.<\/p>\n<p>Pr\u00e4vention wird in allen L\u00e4ndern und von allen politischen Parteien gro\u00dfgeschrieben. Skeptiker, wovon es reichlich gibt, schweigen eher dazu. Ist Pr\u00e4vention \u201eVon der Wiege bis zur Bahre\u201c sinnvoll? H\u00f6ren Sie dazu durchaus gegens\u00e4tzliche Ansichten. Dar\u00fcber hinaus werden wir den erfolgreichen Regionalaustausch unter der \u00dcberschrift: \u201eVersorgung und Bedarf: Die Pflicht der Kommunen zur Daseinsvorsorge\u201cfortf\u00fchren.<\/p>\n<p style=\"text-align: left;\">Die fachlichen Themen und die Kontaktm\u00f6glichkeiten sind Kernelemente dieses 2t\u00e4gigen Intensivkongresses, zu dem wieder 800 Teilnehmer erwartet werden. Erarbeitet wird das Programm von einer erfahrenen Expertenkommission.<\/p>\n<p style=\"text-align: center;\"><a href=\"http:\/\/www.gesundheitskongress.de\" target=\"_blank\" rel=\"noopener\"><img decoding=\"async\" class=\"size-full wp-image-2261 aligncenter\" style=\"margin: 2px;\" alt=\"wolf-bild-284-8093_250x167\" src=\"http:\/\/www.goinginternational.eu\/wp\/de\/wp-content\/uploads\/2013\/09\/wolf-bild-284-8093_250x167.jpg\" width=\"250\" height=\"167\" title=\"\" srcset=\"https:\/\/www.goinginternational.eu\/wp\/de\/wp-content\/uploads\/2013\/09\/wolf-bild-284-8093_250x167.jpg 250w, https:\/\/www.goinginternational.eu\/wp\/de\/wp-content\/uploads\/2013\/09\/wolf-bild-284-8093_250x167-82x55.jpg 82w, https:\/\/www.goinginternational.eu\/wp\/de\/wp-content\/uploads\/2013\/09\/wolf-bild-284-8093_250x167-75x50.jpg 75w\" sizes=\"(max-width: 250px) 100vw, 250px\" \/><\/a><\/p>\n<p>Das Programm als PDF zum <a href=\"http:\/\/www.gesundheitskongress.de\/files\/EGK13\/downloads\/Programmheft-EGKM2013_NEU.pdf\" target=\"_blank\" rel=\"noopener\">Download.<\/a><\/p>\n<p><a href=\"https:\/\/mail.i-plan.de\/ei\/getdemo.ei?id=803&amp;s=_2WG0W0EG3   \" target=\"_blank\" rel=\"noopener\">Hier <\/a>gehts zur Online-Anmeldung.<\/p>\n<p>&nbsp;<\/p>\n<p>&nbsp;<\/p>\n<p>&nbsp;<\/p>\n<p>&nbsp;<\/p>\n<p style=\"text-align: center;\"><strong>Tipp<\/strong>: Aktuelle Bildungsangebote zum Thema \u201eGesundheitswesen\u201c finden Sie laufend online in der <a href=\"http:\/\/www.goinginternational.eu\/de\/online-datenbank\/\">Bildungsdatenbank \u00bbmedicine &amp; health\u00ab<\/a>.<\/p>\n<p>&nbsp;<\/p>\n","protected":false},"excerpt":{"rendered":"<p>10. und 11. Oktober, M\u00fcnchen, Deutschland Der 12. Europ\u00e4ische Gesundheitskongress M\u00fcnchen findet nach drei gro\u00dfen Wahlen statt: In Deutschland, in Bayern und in \u00d6sterreich wird im Herbst entschieden. Entschieden wird auch, ob die Gesundheitspolitik weitergef\u00fchrt wird \u2013 eventuell mit neuen Akzenten \u2013 oder ob es gar einen Kurswechsel gibt. Der [&hellip;]<\/p>\n","protected":false},"author":1,"featured_media":2250,"comment_status":"open","ping_status":"closed","sticky":false,"template":"","format":"standard","meta":{"footnotes":""},"categories":[10,25],"tags":[48,46],"class_list":["post-2248","post","type-post","status-publish","format-standard","has-post-thumbnail","hentry","category-kongresstipps","category-newsletter-2013-09","tag-european-health","tag-gesundheitswissenschaften"],"_links":{"self":[{"href":"https:\/\/www.goinginternational.eu\/wp\/de\/wp-json\/wp\/v2\/posts\/2248","targetHints":{"allow":["GET"]}}],"collection":[{"href":"https:\/\/www.goinginternational.eu\/wp\/de\/wp-json\/wp\/v2\/posts"}],"about":[{"href":"https:\/\/www.goinginternational.eu\/wp\/de\/wp-json\/wp\/v2\/types\/post"}],"author":[{"embeddable":true,"href":"https:\/\/www.goinginternational.eu\/wp\/de\/wp-json\/wp\/v2\/users\/1"}],"replies":[{"embeddable":true,"href":"https:\/\/www.goinginternational.eu\/wp\/de\/wp-json\/wp\/v2\/comments?post=2248"}],"version-history":[{"count":0,"href":"https:\/\/www.goinginternational.eu\/wp\/de\/wp-json\/wp\/v2\/posts\/2248\/revisions"}],"wp:featuredmedia":[{"embeddable":true,"href":"https:\/\/www.goinginternational.eu\/wp\/de\/wp-json\/wp\/v2\/media\/2250"}],"wp:attachment":[{"href":"https:\/\/www.goinginternational.eu\/wp\/de\/wp-json\/wp\/v2\/media?parent=2248"}],"wp:term":[{"taxonomy":"category","embeddable":true,"href":"https:\/\/www.goinginternational.eu\/wp\/de\/wp-json\/wp\/v2\/categories?post=2248"},{"taxonomy":"post_tag","embeddable":true,"href":"https:\/\/www.goinginternational.eu\/wp\/de\/wp-json\/wp\/v2\/tags?post=2248"}],"curies":[{"name":"wp","href":"https:\/\/api.w.org\/{rel}","templated":true}]}}