{"id":14892,"date":"2017-04-10T10:42:57","date_gmt":"2017-04-10T09:42:57","guid":{"rendered":"https:\/\/www.goinginternational.eu\/wp\/de\/?p=14892"},"modified":"2017-04-19T10:03:58","modified_gmt":"2017-04-19T09:03:58","slug":"magister-studiengang-gesundheitswissenschaften-2","status":"publish","type":"post","link":"https:\/\/www.goinginternational.eu\/wp\/de\/magister-studiengang-gesundheitswissenschaften-2\/","title":{"rendered":"Magister-Studiengang Gesundheitswissenschaften"},"content":{"rendered":"<p><em>Start: Herbst\u00a02017, Hall in Tirol, \u00d6sterreich.<\/em><em><br \/>\n<a href=\"https:\/\/www.umit.at\/page.cfm?vpath=studien\/magistermaster\/gesundheitswissenschaften\" target=\"_blank\" rel=\"noopener\"><img decoding=\"async\" class=\"alignright\" src=\"http:\/\/www.goinginternational.eu\/newsletter\/2017\/nl_04\/logo_umit_4c_150.jpg\" alt=\"\" title=\"\"><\/a><\/em><\/p>\n<p>Im Herbst 2017 startet der n\u00e4chste Magister-Studiengang Gesundheitswissenschaften an der <strong>UMIT \u2013 Private Universit\u00e4t f\u00fcr Gesundheitswissenschaften, Medizinische Informatik und Technik<\/strong> in Hall in Tirol, \u00d6sterreich. Bewerbungen sind ab sofort m\u00f6glich.<\/p>\n<p>Als Europas modernste Gesundheitsuniversit\u00e4t hat sich die UMIT \u2013 Private Universit\u00e4t f\u00fcr Gesundheitswissenschaften, Medizinische Informatik und Technik in Hall in Tirol auf die neuen Berufs- und Forschungsfelder im Gesundheitswesen und deren aktuelle Herausforderungen spezialisiert. Gerne m\u00f6chten wir Sie auf diesem Wege \u00fcber unser Magister-Studium Gesundheitswissenschaften informieren. Sollten Sie Fragen haben oder n\u00e4here Ausk\u00fcnfte ben\u00f6tigen, z\u00f6gern Sie bitte nicht, uns per E-Mail oder telefonisch zu kontaktieren.<\/p>\n<p>Der Studiengang bildet als 2-j\u00e4hriges mit dem Beruf vereinbares Studium mit 3 Pr\u00e4senzblockwochen pro Semester und fach-spezifischen Vertiefungen Experten f\u00fcr anspruchsvolle interdisziplin\u00e4re Aufgaben in gesundheitswissenschaftlichen T\u00e4tigkeitsbereichen aus. Das Studien-Curriculum beleuchtet dabei alle Facetten des Gesundheitswesens und f\u00fchrt die Studierenden in die Bereiche Public Health, Epidemiologie, Medizin, Pflege, Management oder Gesundheitspolitik ein. Die Studierenden werden bef\u00e4higt, Methoden und Werkzeuge der Gesundheitswissenschaften und verwandter Disziplinen zu bewerten und zur L\u00f6sung von Problemen im Gesundheitswesen und in der Gesundheitswirtschaft anzuwenden. Der komplexe Mix des Studiums erm\u00f6glicht zudem v\u00f6llig neue Karrierepfade und beste berufliche Aufstiegschancen in Einrichtungen des modernen Gesundheitswesens. Das Studium erf\u00fcllt die Bologna-Kriterien (120 ECTS-Punkte).<\/p>\n<p>N\u00e4here Informationen zum Studium finden Sie <a href=\"https:\/\/www.umit.at\/page.cfm?vpath=studien\/magistermaster\/gesundheitswissenschaften\" target=\"_blank\" rel=\"noopener\">hier<\/a>.<\/p>\n<p>Hier finden Sie die <a href=\"http:\/\/www.goinginternational.eu\/newsletter\/2017\/nl_04\/Mag_Dr_GW_2016_komprimiert.pdf\" target=\"_blank\">Kursbrosch\u00fcre<\/a> als pdf.<\/p>\n<div id=\"attachment_11114\" style=\"width: 310px\" class=\"wp-caption aligncenter\"><a href=\"https:\/\/www.umit.at\/page.cfm?vpath=studien\/magistermaster\/gesundheitswissenschaften\" target=\"_blank\" rel=\"noopener\"><img fetchpriority=\"high\" decoding=\"async\" aria-describedby=\"caption-attachment-11114\" class=\"wp-image-11114 size-medium\" src=\"http:\/\/www.goinginternational.eu\/wp\/de\/wp-content\/uploads\/2016\/06\/UMIT_01-300x200.jpg\" alt=\"UMIT_01\" width=\"300\" height=\"200\" title=\"\" srcset=\"https:\/\/www.goinginternational.eu\/wp\/de\/wp-content\/uploads\/2016\/06\/UMIT_01-300x200.jpg 300w, https:\/\/www.goinginternational.eu\/wp\/de\/wp-content\/uploads\/2016\/06\/UMIT_01-150x100.jpg 150w, https:\/\/www.goinginternational.eu\/wp\/de\/wp-content\/uploads\/2016\/06\/UMIT_01.jpg 1024w, https:\/\/www.goinginternational.eu\/wp\/de\/wp-content\/uploads\/2016\/06\/UMIT_01-82x55.jpg 82w, https:\/\/www.goinginternational.eu\/wp\/de\/wp-content\/uploads\/2016\/06\/UMIT_01-75x50.jpg 75w\" sizes=\"(max-width: 300px) 100vw, 300px\" \/><\/a><p id=\"caption-attachment-11114\" class=\"wp-caption-text\">UMIT, Hall in Tirol<\/p><\/div>\n<div class=\"wc-shortcodes-box wc-shortcodes-item wc-shortcodes-content wc-shortcodes-clearfix wc-shortcodes-box-secondary \" style=\"text-align:left;\">\n<p><strong>Inhaltliche Fragen zum Studium Gesundheitswissenschaften:<\/strong><br \/>\n<span style=\"text-decoration: underline; color: #ff9900;\"><a style=\"color: #ff9900; text-decoration: underline;\" href=\"mailto:magister-gw-hall@umit.at\" target=\"_blank\">magister-gw-hall@umit.at<\/a><\/span><br \/>\nTel: +43(0)50-8648-3839<\/p>\n<p><strong>Administrative Fragen zur Bewerbung:<\/strong><br \/>\nStudienmanagement \u2013 Service Lehre<br \/>\n<span style=\"text-decoration: underline; color: #ff9900;\"><a style=\"color: #ff9900; text-decoration: underline;\" href=\"mailto:lehre@umit.at\" target=\"_blank\">lehre@umit.at<\/a><\/span><br \/>\nTel: +43(0)50-8648-3839<\/div>\n<p><strong>Aufbau des Studiums<\/strong><\/p>\n<ul>\n<li>Modulsystem (Mix aus Vorlesungen, Seminaren, \u00dcbungen und begleitetem Selbststudium)<\/li>\n<li>Unterricht in Blockwochen mit 80%iger Anwesenheitspflicht (einige Vorlesungen finden auch w\u00e4hrend der lehrveranstaltungsfreien Zeit der Universit\u00e4t statt, z.B. in den Ferien)<\/li>\n<li>Regelstudienzeit \u2013 4 Semester (120 ECTS-Punkte)<\/li>\n<\/ul>\n<p><strong>Modulinhalte je Semester<\/strong><\/p>\n<div id=\"wc-shortcodes-tab-1\" class=\"wc-shortcodes-tabs wc-shortcodes-item wc-shortcodes-tabs-layout-box\">\n<ul class=\"wcs-tabs-nav wc-shortcodes-clearfix\">\n<li><a href=\"#\" data-index=\"0\" data-id=\"#wc-shortcodes-tab-1-semester\">1. Semester<\/a><\/li>\n<li><a href=\"#\" data-index=\"1\" data-id=\"#wc-shortcodes-tab-2-semester\">2. Semester<\/a><\/li>\n<li><a href=\"#\" data-index=\"2\" data-id=\"#wc-shortcodes-tab-3-semester\">3. Semester<\/a><\/li>\n<li><a href=\"#\" data-index=\"3\" data-id=\"#wc-shortcodes-tab-4-semester\">4. Semester<\/a><\/li>\n<\/ul>\n<div class=\"tab-content-wrapper tab-content-hide\">\n<div id=\"wc-shortcodes-tab-1-semester\" class=\"tab-content wc-shortcodes-content\">\n<p>Public Health: Epidemiologie<\/p>\n<p>Finanzmanagement<\/p>\n<p>Qualit\u00e4tsmanagement<\/p><\/div>\n<\/div>\n<div class=\"tab-content-wrapper tab-content-hide\">\n<div id=\"wc-shortcodes-tab-2-semester\" class=\"tab-content wc-shortcodes-content\">\n<p>Empirische Gesundheitsforschung<\/p>\n<p>Angewandte Sozialforschung und Methodenlehre<\/p>\n<p>Informationssysteme des Gesundheitswesens, Projektmanagement<\/p><\/div>\n<\/div>\n<div class=\"tab-content-wrapper tab-content-hide\">\n<div id=\"wc-shortcodes-tab-3-semester\" class=\"tab-content wc-shortcodes-content\">\n<p>Verhaltenslehre und Kommunikation<\/p>\n<p>Public Health: Gesundheitspolitik und -systeme<\/p>\n<p>Strategische Unternehmensf\u00fchrung<\/p><\/div>\n<\/div>\n<div class=\"tab-content-wrapper tab-content-hide\">\n<div id=\"wc-shortcodes-tab-4-semester\" class=\"tab-content wc-shortcodes-content\">\n<p>Recht<\/p>\n<p>Verfassen der Magisterarbeit<\/p><\/div>\n<\/div>\n<\/div>\n<div id=\"attachment_11117\" style=\"width: 310px\" class=\"wp-caption alignright\"><a href=\"https:\/\/www.umit.at\/page.cfm?vpath=studien\/magistermaster\/gesundheitswissenschaften\" target=\"_blank\" rel=\"noopener\"><img decoding=\"async\" aria-describedby=\"caption-attachment-11117\" class=\"wp-image-11117 size-medium\" src=\"http:\/\/www.goinginternational.eu\/wp\/de\/wp-content\/uploads\/2016\/06\/UMIT_02-300x200.jpg\" alt=\"UMIT_02\" width=\"300\" height=\"200\" title=\"\" srcset=\"https:\/\/www.goinginternational.eu\/wp\/de\/wp-content\/uploads\/2016\/06\/UMIT_02-300x200.jpg 300w, https:\/\/www.goinginternational.eu\/wp\/de\/wp-content\/uploads\/2016\/06\/UMIT_02-150x100.jpg 150w, https:\/\/www.goinginternational.eu\/wp\/de\/wp-content\/uploads\/2016\/06\/UMIT_02-1024x683.jpg 1024w, https:\/\/www.goinginternational.eu\/wp\/de\/wp-content\/uploads\/2016\/06\/UMIT_02-82x55.jpg 82w, https:\/\/www.goinginternational.eu\/wp\/de\/wp-content\/uploads\/2016\/06\/UMIT_02-75x50.jpg 75w, https:\/\/www.goinginternational.eu\/wp\/de\/wp-content\/uploads\/2016\/06\/UMIT_02.jpg 1600w\" sizes=\"(max-width: 300px) 100vw, 300px\" \/><\/a><p id=\"caption-attachment-11117\" class=\"wp-caption-text\">UMIT, Hall in Tirol<\/p><\/div>\n<p><strong>Studienschwerpunkte (Vertiefungen)<\/strong><\/p>\n<ul>\n<li>Quantitative Methods in Public Health<\/li>\n<li>Health Technology Assessment and Economic Evaluation<\/li>\n<li>Health Decision Science<\/li>\n<li>Personalwirtschaft<\/li>\n<li>Management von Gesundheitseinrichtungen und sonstigen Non-Profit-Organisationen im Gesundheitsbereich<\/li>\n<li>oder einen von der Studienkommission beschlossenen weiteren Studienschwerpunkt<\/li>\n<\/ul>\n<p><strong>Studiengeb\u00fchr<\/strong><\/p>\n<ul>\n<li>\u20ac 2.900 pro Semester zzgl. einmaliger Einschreibgeb\u00fchr von \u20ac 35<\/li>\n<li>staatliche Studienunterst\u00fctzung m\u00f6glich<\/li>\n<li>g\u00fcnstige Darlehen \u00fcber UMIT-Finanzierungspartner erh\u00e4ltlich<\/li>\n<\/ul>\n<p><strong>Bewerbungsfrist:<\/strong> ab sofort; bis 30. Juni 2017 gilt ein Fr\u00fchbucherbonus von \u20ac 200,&#8211;\/pro Semester f\u00fcr das 1. Jahr<\/p>\n<p>Es besteht weiters die M\u00f6glichkeit, ein Doktoratsstudium im Bereich Public Health oder Health Technology Assessment (HTA) an der UMIT aufzunehmen. Weitere Informationen finden Sie <a href=\"https:\/\/www.umit.at\/page.cfm?vpath=studien\/doktorat\" target=\"_blank\" rel=\"noopener\">hier<\/a>.<\/p>\n<p>&nbsp;<\/p>\n<hr \/>\n<p><strong>Ver\u00f6ffentlicht in GI-Mail 04\/2017 (Deutsche Ausgabe). Abonnieren Sie GI-Mail <a href=\"https:\/\/www.goinginternational.eu\/de\/newsletter\/\" target=\"_blank\">hier<\/a>.<a href=\"https:\/\/www.goinginternational.eu\/de\/newsletter\/\" target=\"_blank\"><img decoding=\"async\" class=\"alignright\" src=\"http:\/\/www.goinginternational.eu\/img\/gimail_small.gif\" alt=\"\" title=\"\"><\/a><br \/>\n<\/strong><\/p>\n<p><strong>Tipp:<\/strong> Aktuelle Weiterbildungsangebote zum Thema Medizin und Gesundheit finden Sie laufend online in der\u00a0<a href=\"http:\/\/www.goinginternational.eu\/de\/online-datenbank\/\" target=\"_blank\">Bildungsdatenbank \u00bbmedicine &amp; health\u00ab<\/a>.<\/p>\n","protected":false},"excerpt":{"rendered":"<p>Start: Herbst\u00a02017, Hall in Tirol, \u00d6sterreich. Im Herbst 2017 startet der n\u00e4chste Magister-Studiengang Gesundheitswissenschaften an der UMIT \u2013 Private Universit\u00e4t f\u00fcr Gesundheitswissenschaften, Medizinische Informatik und Technik in Hall in Tirol, \u00d6sterreich. Bewerbungen sind ab sofort m\u00f6glich. Als Europas modernste Gesundheitsuniversit\u00e4t hat sich die UMIT \u2013 Private Universit\u00e4t f\u00fcr Gesundheitswissenschaften, Medizinische [&hellip;]<\/p>\n","protected":false},"author":1,"featured_media":14899,"comment_status":"closed","ping_status":"closed","sticky":false,"template":"","format":"standard","meta":{"footnotes":""},"categories":[1,9,531],"tags":[471,46,532],"class_list":["post-14892","post","type-post","status-publish","format-standard","has-post-thumbnail","hentry","category-aktuell","category-kurstipps","category-newsletter-2017-04","tag-gesundheitsmanagement","tag-gesundheitswissenschaften","tag-umit"],"_links":{"self":[{"href":"https:\/\/www.goinginternational.eu\/wp\/de\/wp-json\/wp\/v2\/posts\/14892","targetHints":{"allow":["GET"]}}],"collection":[{"href":"https:\/\/www.goinginternational.eu\/wp\/de\/wp-json\/wp\/v2\/posts"}],"about":[{"href":"https:\/\/www.goinginternational.eu\/wp\/de\/wp-json\/wp\/v2\/types\/post"}],"author":[{"embeddable":true,"href":"https:\/\/www.goinginternational.eu\/wp\/de\/wp-json\/wp\/v2\/users\/1"}],"replies":[{"embeddable":true,"href":"https:\/\/www.goinginternational.eu\/wp\/de\/wp-json\/wp\/v2\/comments?post=14892"}],"version-history":[{"count":0,"href":"https:\/\/www.goinginternational.eu\/wp\/de\/wp-json\/wp\/v2\/posts\/14892\/revisions"}],"wp:featuredmedia":[{"embeddable":true,"href":"https:\/\/www.goinginternational.eu\/wp\/de\/wp-json\/wp\/v2\/media\/14899"}],"wp:attachment":[{"href":"https:\/\/www.goinginternational.eu\/wp\/de\/wp-json\/wp\/v2\/media?parent=14892"}],"wp:term":[{"taxonomy":"category","embeddable":true,"href":"https:\/\/www.goinginternational.eu\/wp\/de\/wp-json\/wp\/v2\/categories?post=14892"},{"taxonomy":"post_tag","embeddable":true,"href":"https:\/\/www.goinginternational.eu\/wp\/de\/wp-json\/wp\/v2\/tags?post=14892"}],"curies":[{"name":"wp","href":"https:\/\/api.w.org\/{rel}","templated":true}]}}